{"id":63530,"date":"2025-06-10T18:03:52","date_gmt":"2025-06-10T18:03:52","guid":{"rendered":"https:\/\/lahora.mx\/?p=63530"},"modified":"2025-06-10T18:03:52","modified_gmt":"2025-06-10T18:03:52","slug":"gobierno-de-la-ciudad-realiza-encuentro-de-innovacion-urbana-latinoamericana","status":"publish","type":"post","link":"https:\/\/lahora.mx\/index.php\/2025\/06\/10\/gobierno-de-la-ciudad-realiza-encuentro-de-innovacion-urbana-latinoamericana\/","title":{"rendered":"Gobierno de la Ciudad realiza encuentro de innovaci\u00f3n urbana latinoamericana"},"content":{"rendered":"\n<p>El Gobierno de la Ciudad, encabezado por el presidente municipal, Pepe Chedraui Budib, a trav\u00e9s del Instituto Municipal de Planeaci\u00f3n (Implan), realiz\u00f3 el encuentro Ciudades que inspiran: innovaci\u00f3n y colaboraci\u00f3n urbana latinoamericana.<\/p>\n\n\n\n<p>En el evento compartieron experiencias en movilidad, seguridad y sustentabilidad con representantes de Brasil y Rep\u00fablica Dominicana, para fortalecer la colaboraci\u00f3n internacional.<\/p>\n\n\n\n<p>Coordinado por Jes\u00fas S\u00e1nchez Reliac, titular del Implan, el evento reuni\u00f3 a autoridades locales e internacionales para presentar los avances de Puebla en materia urbana.<\/p>\n\n\n\n<p>Alejandra Cedillo May, directora general de Emergencia y Respuesta Inmediata, expuso las herramientas tecnol\u00f3gicas para atenci\u00f3n de emergencias. A su vez, David Aysa Salazar, secretario de Movilidad e Infraestructura, expuso sobre ciudades inteligentes, movilidad segura y sem\u00e1foros al 100.<\/p>\n\n\n\n<p>El coronel F\u00e9lix Pallares Miranda gui\u00f3 un recorrido por las instalaciones de la Secretar\u00eda de Seguridad Ciudadana, la Direcci\u00f3n de Emergencias y Respuesta Inmediata y el Centro de Control Semaf\u00f3rico.<\/p>\n\n\n\n<p>La Secretar\u00eda de Medio Ambiente, a cargo de Jos\u00e9 Iv\u00e1n Herrera Villag\u00f3mez, present\u00f3 el programa Escuelas Sustentables, mientras que Clemente G\u00f3mez Medina, secretario de Servicios P\u00fablicos, detall\u00f3 los logros del programa Puebla Brilla.<\/p>\n\n\n\n<p>Entre los asistentes internacionales figuraron el alcalde de Gua\u00edba\/RS, Brasil, Marcelo Maranata; el director de Tr\u00e1nsito de Santiago de los Caballeros, Rep\u00fablica Dominicana, Jorge Luis Mu\u00f1oz Mar\u00edn; y el alcalde de Canoas, R\u00edo Grande del Sur, Airton Souza.<\/p>\n\n\n\n<p>Dichos participantes reconocieron el liderazgo de Puebla en soluciones urbanas innovadoras: \u201cLas pr\u00e1cticas que vimos aqu\u00ed, sin duda, nos abren el horizonte para pensar en nuevas estrategias\u201d.<\/p>\n","protected":false},"excerpt":{"rendered":"<p>El Gobierno de la Ciudad, encabezado por el presidente municipal, Pepe Chedraui Budib, a trav\u00e9s del Instituto Municipal de Planeaci\u00f3n (Implan), realiz\u00f3 el encuentro Ciudades que inspiran: innovaci\u00f3n y colaboraci\u00f3n urbana latinoamericana. En el evento compartieron experiencias en movilidad, seguridad y sustentabilidad con representantes de Brasil y Rep\u00fablica Dominicana, para fortalecer la colaboraci\u00f3n internacional. Coordinado [&hellip;]<\/p>\n","protected":false},"author":4,"featured_media":63531,"comment_status":"open","ping_status":"open","sticky":false,"template":"","format":"standard","meta":{"om_disable_all_campaigns":false,"_monsterinsights_skip_tracking":false,"_monsterinsights_sitenote_active":false,"_monsterinsights_sitenote_note":"","_monsterinsights_sitenote_category":0,"footnotes":""},"categories":[175],"tags":[239,195,223],"class_list":["post-63530","post","type-post","status-publish","format-standard","has-post-thumbnail","hentry","category-local","tag-gobierno","tag-principal","tag-puebla"],"amp_enabled":true,"_links":{"self":[{"href":"https:\/\/lahora.mx\/index.php\/wp-json\/wp\/v2\/posts\/63530","targetHints":{"allow":["GET"]}}],"collection":[{"href":"https:\/\/lahora.mx\/index.php\/wp-json\/wp\/v2\/posts"}],"about":[{"href":"https:\/\/lahora.mx\/index.php\/wp-json\/wp\/v2\/types\/post"}],"author":[{"embeddable":true,"href":"https:\/\/lahora.mx\/index.php\/wp-json\/wp\/v2\/users\/4"}],"replies":[{"embeddable":true,"href":"https:\/\/lahora.mx\/index.php\/wp-json\/wp\/v2\/comments?post=63530"}],"version-history":[{"count":1,"href":"https:\/\/lahora.mx\/index.php\/wp-json\/wp\/v2\/posts\/63530\/revisions"}],"predecessor-version":[{"id":63532,"href":"https:\/\/lahora.mx\/index.php\/wp-json\/wp\/v2\/posts\/63530\/revisions\/63532"}],"wp:featuredmedia":[{"embeddable":true,"href":"https:\/\/lahora.mx\/index.php\/wp-json\/wp\/v2\/media\/63531"}],"wp:attachment":[{"href":"https:\/\/lahora.mx\/index.php\/wp-json\/wp\/v2\/media?parent=63530"}],"wp:term":[{"taxonomy":"category","embeddable":true,"href":"https:\/\/lahora.mx\/index.php\/wp-json\/wp\/v2\/categories?post=63530"},{"taxonomy":"post_tag","embeddable":true,"href":"https:\/\/lahora.mx\/index.php\/wp-json\/wp\/v2\/tags?post=63530"}],"curies":[{"name":"wp","href":"https:\/\/api.w.org\/{rel}","templated":true}]}}