{"id":63527,"date":"2025-06-10T17:55:56","date_gmt":"2025-06-10T17:55:56","guid":{"rendered":"https:\/\/lahora.mx\/?p=63527"},"modified":"2025-06-10T17:55:56","modified_gmt":"2025-06-10T17:55:56","slug":"di-no-a-la-ley-chaleco-motociclistas-rechazan-propuesta-desde-2019","status":"publish","type":"post","link":"https:\/\/lahora.mx\/index.php\/2025\/06\/10\/di-no-a-la-ley-chaleco-motociclistas-rechazan-propuesta-desde-2019\/","title":{"rendered":"Di no a la Ley Chaleco; motociclistas rechazan propuesta desde 2019"},"content":{"rendered":"\n<p>Dentro del marco de la Ley Chaleco, la cual busca regular el uso de motocicletas, un video difundido en la plataforma de YouTube, en 2019, por el canal \u201cSer Motociclista\u201d, abord\u00f3 el estilo de vida que conlleva ser un motociclista, desde ser visto como un \u201cbicho raro\u201d hasta el hecho de que aquellos que transitan en moto se vuelven problema para las pol\u00edticas p\u00fablicas internacionales sobre movilidad y medio ambiente.<\/p>\n\n\n\n<p>La voz narradora del video explica que los motociclistas han sido vistos por los gobiernos como \u201cuna plaga que hay que erradicar\u201d, apoyados por estereotipos de Hollywood, el estigma del motociclista hace que se les asocie como personas \u201csin ley\u201d.<\/p>\n\n\n\n<p>\u00bfQu\u00e9 lleva a pensar que los motociclistas son delincuentes?<br>Esta idea se ve reforzada por el aumento de robos y homicidios cometidos a bordo de motocicletas, los cuales aumentaron en el estado de Puebla de 2022 a 2024; los casos incrementaron en promedio 20 incidencias en al menos 127 municipios, entre los que se encuentran la capital, San Mart\u00edn Texmelucan y Amozoc.<\/p>\n\n\n\n<p>En los \u00faltimos tres a\u00f1os los delitos m\u00e1s comunes perpetrados por personas a bordo de una motocicleta fueron robo a transe\u00fante, robo a comercio y lesiones dolosas, se\u00f1al\u00f3 una solicitud de informaci\u00f3n de la Fiscal\u00eda General del Estado (FGE).<\/p>\n\n\n\n<h1 class=\"wp-block-heading\">Ley Chaleco<\/h1>\n\n\n\n<p>Durante el video, el autor critica a la Ley Chaleco al decir que, en el intento por reducir la delincuencia, esta funge como un \u201cplacebo\u201d, obligando al motociclista a vestirse con un chaleco que porte el n\u00famero de placa de veh\u00edculo o, como \u00e9l lo llama, \u201cel n\u00famero de reo\u201d.<\/p>\n\n\n\n<p>El hombre se\u00f1ala que la delincuencia se propicia a que el gobierno tiene un sistema de regulaci\u00f3n deficiente, guardando el registro de menos de la mitad de las motos en circulaci\u00f3n en el pa\u00eds.<\/p>\n\n\n\n<p>Tambi\u00e9n hace hincapi\u00e9 en que ning\u00fan hombre compra una moto para delinquir, sino que la hurta del patrimonio de las familias trabajadoras.<\/p>\n\n\n\n<p>Para \u00e9l, la Ley Chaleco es una \u201cviolaci\u00f3n para los casi 5 millones de personas que utilizan este medio de transporte a diario, creando una falsa sensaci\u00f3n de seguridad\u201d.<\/p>\n\n\n\n<p>\u201cLa Ley Chaleco para los motociclistas no va a impedir que los delincuentes te asalten o atenten contra ti\u201d, se refirma durante el video, el cual dura poco m\u00e1s de media hora.<\/p>\n","protected":false},"excerpt":{"rendered":"<p>Dentro del marco de la Ley Chaleco, la cual busca regular el uso de motocicletas, un video difundido en la plataforma de YouTube, en 2019, por el canal \u201cSer Motociclista\u201d, abord\u00f3 el estilo de vida que conlleva ser un motociclista, desde ser visto como un \u201cbicho raro\u201d hasta el hecho de que aquellos que transitan [&hellip;]<\/p>\n","protected":false},"author":4,"featured_media":63528,"comment_status":"open","ping_status":"open","sticky":false,"template":"","format":"standard","meta":{"om_disable_all_campaigns":false,"_monsterinsights_skip_tracking":false,"_monsterinsights_sitenote_active":false,"_monsterinsights_sitenote_note":"","_monsterinsights_sitenote_category":0,"footnotes":""},"categories":[175],"tags":[223],"class_list":["post-63527","post","type-post","status-publish","format-standard","has-post-thumbnail","hentry","category-local","tag-puebla"],"amp_enabled":true,"_links":{"self":[{"href":"https:\/\/lahora.mx\/index.php\/wp-json\/wp\/v2\/posts\/63527","targetHints":{"allow":["GET"]}}],"collection":[{"href":"https:\/\/lahora.mx\/index.php\/wp-json\/wp\/v2\/posts"}],"about":[{"href":"https:\/\/lahora.mx\/index.php\/wp-json\/wp\/v2\/types\/post"}],"author":[{"embeddable":true,"href":"https:\/\/lahora.mx\/index.php\/wp-json\/wp\/v2\/users\/4"}],"replies":[{"embeddable":true,"href":"https:\/\/lahora.mx\/index.php\/wp-json\/wp\/v2\/comments?post=63527"}],"version-history":[{"count":1,"href":"https:\/\/lahora.mx\/index.php\/wp-json\/wp\/v2\/posts\/63527\/revisions"}],"predecessor-version":[{"id":63529,"href":"https:\/\/lahora.mx\/index.php\/wp-json\/wp\/v2\/posts\/63527\/revisions\/63529"}],"wp:featuredmedia":[{"embeddable":true,"href":"https:\/\/lahora.mx\/index.php\/wp-json\/wp\/v2\/media\/63528"}],"wp:attachment":[{"href":"https:\/\/lahora.mx\/index.php\/wp-json\/wp\/v2\/media?parent=63527"}],"wp:term":[{"taxonomy":"category","embeddable":true,"href":"https:\/\/lahora.mx\/index.php\/wp-json\/wp\/v2\/categories?post=63527"},{"taxonomy":"post_tag","embeddable":true,"href":"https:\/\/lahora.mx\/index.php\/wp-json\/wp\/v2\/tags?post=63527"}],"curies":[{"name":"wp","href":"https:\/\/api.w.org\/{rel}","templated":true}]}}