{"id":63515,"date":"2025-06-08T16:24:45","date_gmt":"2025-06-08T16:24:45","guid":{"rendered":"https:\/\/lahora.mx\/?p=63515"},"modified":"2025-06-10T16:25:56","modified_gmt":"2025-06-10T16:25:56","slug":"pepe-chedraui-destaca-liderazgo-de-sheinbaum-en-salud-infantil","status":"publish","type":"post","link":"https:\/\/lahora.mx\/index.php\/2025\/06\/08\/pepe-chedraui-destaca-liderazgo-de-sheinbaum-en-salud-infantil\/","title":{"rendered":"Pepe Chedraui destaca liderazgo de Sheinbaum en salud infantil"},"content":{"rendered":"\n<p>El presidente municipal, Pepe Chedraui Budib, acompa\u00f1\u00f3 al gobernador del estado, Alejandro Armenta, y a la presidenta de M\u00e9xico, Claudia Sheinbaum, en la inauguraci\u00f3n del Hospital General para la Ni\u00f1ez Poblana. Durante el acto, el alcalde reconoci\u00f3 y celebr\u00f3 la visi\u00f3n humanista y el compromiso de la presidenta con la salud y el bienestar de las infancias.<\/p>\n\n\n\n<p>Subray\u00f3 que esta obra representa un paso significativo hacia la construcci\u00f3n de un sistema de salud con perspectiva de futuro. Adem\u00e1s, destac\u00f3 la coordinaci\u00f3n entre los tres niveles de gobierno para hacer realidad un proyecto que coloca a la ni\u00f1ez como prioridad en la agenda p\u00fablica.<\/p>\n\n\n\n<p>En su mensaje, el gobernador Alejandro Armenta, destac\u00f3 que esta obra es trascendente para mejorar la salud de ni\u00f1as y ni\u00f1os que padecen c\u00e1ncer y problemas de cardiopat\u00edas; asimismo, la calific\u00f3 como un acto de humanismo aut\u00e9ntico.<\/p>\n","protected":false},"excerpt":{"rendered":"<p>El presidente municipal, Pepe Chedraui Budib, acompa\u00f1\u00f3 al gobernador del estado, Alejandro Armenta, y a la presidenta de M\u00e9xico, Claudia Sheinbaum, en la inauguraci\u00f3n del Hospital General para la Ni\u00f1ez Poblana. Durante el acto, el alcalde reconoci\u00f3 y celebr\u00f3 la visi\u00f3n humanista y el compromiso de la presidenta con la salud y el bienestar de [&hellip;]<\/p>\n","protected":false},"author":4,"featured_media":63518,"comment_status":"open","ping_status":"open","sticky":false,"template":"","format":"standard","meta":{"om_disable_all_campaigns":false,"_monsterinsights_skip_tracking":false,"_monsterinsights_sitenote_active":false,"_monsterinsights_sitenote_note":"","_monsterinsights_sitenote_category":0,"footnotes":""},"categories":[175],"tags":[223],"class_list":["post-63515","post","type-post","status-publish","format-standard","has-post-thumbnail","hentry","category-local","tag-puebla"],"amp_enabled":true,"_links":{"self":[{"href":"https:\/\/lahora.mx\/index.php\/wp-json\/wp\/v2\/posts\/63515","targetHints":{"allow":["GET"]}}],"collection":[{"href":"https:\/\/lahora.mx\/index.php\/wp-json\/wp\/v2\/posts"}],"about":[{"href":"https:\/\/lahora.mx\/index.php\/wp-json\/wp\/v2\/types\/post"}],"author":[{"embeddable":true,"href":"https:\/\/lahora.mx\/index.php\/wp-json\/wp\/v2\/users\/4"}],"replies":[{"embeddable":true,"href":"https:\/\/lahora.mx\/index.php\/wp-json\/wp\/v2\/comments?post=63515"}],"version-history":[{"count":1,"href":"https:\/\/lahora.mx\/index.php\/wp-json\/wp\/v2\/posts\/63515\/revisions"}],"predecessor-version":[{"id":63519,"href":"https:\/\/lahora.mx\/index.php\/wp-json\/wp\/v2\/posts\/63515\/revisions\/63519"}],"wp:featuredmedia":[{"embeddable":true,"href":"https:\/\/lahora.mx\/index.php\/wp-json\/wp\/v2\/media\/63518"}],"wp:attachment":[{"href":"https:\/\/lahora.mx\/index.php\/wp-json\/wp\/v2\/media?parent=63515"}],"wp:term":[{"taxonomy":"category","embeddable":true,"href":"https:\/\/lahora.mx\/index.php\/wp-json\/wp\/v2\/categories?post=63515"},{"taxonomy":"post_tag","embeddable":true,"href":"https:\/\/lahora.mx\/index.php\/wp-json\/wp\/v2\/tags?post=63515"}],"curies":[{"name":"wp","href":"https:\/\/api.w.org\/{rel}","templated":true}]}}