{"id":63511,"date":"2025-06-09T16:13:56","date_gmt":"2025-06-09T16:13:56","guid":{"rendered":"https:\/\/lahora.mx\/?p=63511"},"modified":"2025-06-10T16:23:22","modified_gmt":"2025-06-10T16:23:22","slug":"pepe-chedraui-entrega-techado-escolar-al-norte-de-puebla","status":"publish","type":"post","link":"https:\/\/lahora.mx\/index.php\/2025\/06\/09\/pepe-chedraui-entrega-techado-escolar-al-norte-de-puebla\/","title":{"rendered":"Pepe Chedraui entrega techado escolar al norte de Puebla"},"content":{"rendered":"\n<p>Con el objetivo de fortalecer la infraestructura educativa en Puebla capital, el alcalde Pepe Chedraui Budib inaugur\u00f3 un techado escolar con captador pluvial en el Jard\u00edn de Ni\u00f1os Gregorio Torres Quintero.<\/p>\n\n\n\n<p>La obra, ubicada en la Unidad Habitacional Solidaridad Nacional, beneficiar\u00e1 a m\u00e1s de 160 estudiantes del norte de la ciudad, al brindar un espacio funcional y seguro para actividades escolares.<\/p>\n\n\n\n<p>El edil resalt\u00f3 que invertir en infraestructura educativa es esencial para garantizar una ense\u00f1anza de calidad, equitativa y con visi\u00f3n de futuro para la ni\u00f1ez poblana.<\/p>\n\n\n\n<p>Agreg\u00f3 que, junto al gobernador Alejandro Armenta, continuar\u00e1 trabajando en la mejora de espacios escolares con enfoque sustentable y social.<\/p>\n\n\n\n<p>Chedraui subray\u00f3 que estos techados no solo tienen una funci\u00f3n operativa, sino que influyen directamente en el desarrollo integral del alumnado y en su rendimiento acad\u00e9mico.<\/p>\n\n\n\n<p>Por su parte, el diputado federal Jos\u00e9 Antonio Gali L\u00f3pez destac\u00f3 que estas obras permiten realizar actividades f\u00edsicas, c\u00edvicas y recreativas sin afectaciones por condiciones clim\u00e1ticas.<\/p>\n\n\n\n<p>Tambi\u00e9n reconoci\u00f3 el trabajo coordinado entre Gobierno del Estado, Federaci\u00f3n y Municipio para materializar inversiones que benefician directamente a los ciudadanos.<\/p>\n\n\n\n<p>Silvia Andrea Herrera, del CAPCEE, indic\u00f3 que el gobernador Armenta impulsa acciones para apoyar a la ni\u00f1ez con proyectos educativos sustentables.<\/p>\n\n\n\n<p>David Aysa, secretario de Movilidad e Infraestructura, detall\u00f3 que el techado mide 30 metros de largo por 20 de ancho, generando 600 metros cuadrados de sombra.<\/p>\n","protected":false},"excerpt":{"rendered":"<p>Con el objetivo de fortalecer la infraestructura educativa en Puebla capital, el alcalde Pepe Chedraui Budib inaugur\u00f3 un techado escolar con captador pluvial en el Jard\u00edn de Ni\u00f1os Gregorio Torres Quintero. La obra, ubicada en la Unidad Habitacional Solidaridad Nacional, beneficiar\u00e1 a m\u00e1s de 160 estudiantes del norte de la ciudad, al brindar un espacio [&hellip;]<\/p>\n","protected":false},"author":4,"featured_media":63512,"comment_status":"open","ping_status":"open","sticky":false,"template":"","format":"standard","meta":{"om_disable_all_campaigns":false,"_monsterinsights_skip_tracking":false,"_monsterinsights_sitenote_active":false,"_monsterinsights_sitenote_note":"","_monsterinsights_sitenote_category":0,"footnotes":""},"categories":[175],"tags":[223],"class_list":["post-63511","post","type-post","status-publish","format-standard","has-post-thumbnail","hentry","category-local","tag-puebla"],"amp_enabled":true,"_links":{"self":[{"href":"https:\/\/lahora.mx\/index.php\/wp-json\/wp\/v2\/posts\/63511","targetHints":{"allow":["GET"]}}],"collection":[{"href":"https:\/\/lahora.mx\/index.php\/wp-json\/wp\/v2\/posts"}],"about":[{"href":"https:\/\/lahora.mx\/index.php\/wp-json\/wp\/v2\/types\/post"}],"author":[{"embeddable":true,"href":"https:\/\/lahora.mx\/index.php\/wp-json\/wp\/v2\/users\/4"}],"replies":[{"embeddable":true,"href":"https:\/\/lahora.mx\/index.php\/wp-json\/wp\/v2\/comments?post=63511"}],"version-history":[{"count":1,"href":"https:\/\/lahora.mx\/index.php\/wp-json\/wp\/v2\/posts\/63511\/revisions"}],"predecessor-version":[{"id":63513,"href":"https:\/\/lahora.mx\/index.php\/wp-json\/wp\/v2\/posts\/63511\/revisions\/63513"}],"wp:featuredmedia":[{"embeddable":true,"href":"https:\/\/lahora.mx\/index.php\/wp-json\/wp\/v2\/media\/63512"}],"wp:attachment":[{"href":"https:\/\/lahora.mx\/index.php\/wp-json\/wp\/v2\/media?parent=63511"}],"wp:term":[{"taxonomy":"category","embeddable":true,"href":"https:\/\/lahora.mx\/index.php\/wp-json\/wp\/v2\/categories?post=63511"},{"taxonomy":"post_tag","embeddable":true,"href":"https:\/\/lahora.mx\/index.php\/wp-json\/wp\/v2\/tags?post=63511"}],"curies":[{"name":"wp","href":"https:\/\/api.w.org\/{rel}","templated":true}]}}