{"id":63508,"date":"2025-06-10T03:35:27","date_gmt":"2025-06-10T03:35:27","guid":{"rendered":"https:\/\/lahora.mx\/?p=63508"},"modified":"2025-06-10T03:35:28","modified_gmt":"2025-06-10T03:35:28","slug":"celebridades-expresan-su-apoyo-a-la-comunidad-migrante-en-estados-unidos","status":"publish","type":"post","link":"https:\/\/lahora.mx\/index.php\/2025\/06\/10\/celebridades-expresan-su-apoyo-a-la-comunidad-migrante-en-estados-unidos\/","title":{"rendered":"Celebridades expresan su apoyo a la comunidad migrante en Estados Unidos"},"content":{"rendered":"\n<p>Ante las redadas contra migrantes que se han llevado a cabo, principalmente en Los \u00c1ngeles, Salma Hayek, Pepe Aguilar, Eugenio Derbez, entre otros artistas han expresado su apoyo a la comunidad mexicana y latina.<br><br>Las redadas migratorias dejaron un saldo de 42 mexicanos detenidos, cuatro fueron deportados a M\u00e9xico, mientras que los dem\u00e1s permanecen en centros de detenci\u00f3n migratoria.<\/p>\n\n\n\n<p>A trav\u00e9s de sus historias de Instagram, la actriz Salma Hayek, public\u00f3 una serie de recomendaciones para saber como actuar y los derechos de los migrantes. En la imagen se puede leer \u201cConozca sus derechos durante un encuentro con ICE\u201d, y aunque no puso otro mensaje, esto fue suficiente para mostrar su apoyo ante la situaci\u00f3n.<\/p>\n\n\n\n<p>Mientras que el cantante Pepe Aguilar, expres\u00f3 su apoyo a trav\u00e9s de una canci\u00f3n que habla sobre ser mexicano y vivir en Estados Unidos.<\/p>\n\n\n\n<p>En su mensaje, el artista habl\u00f3 de la situaci\u00f3n que enfrentan muchas familias latinas ante el riesgo de deportaci\u00f3n, \u201cdestacando la necesidad de mantener la dignidad y la resistencia pac\u00edfica\u201d.<\/p>\n\n\n\n<p>\u201cDe mi parte tengo esa responsabilidad de con mi voz y con las letras expresar lo que uno siente, y por eso esa canci\u00f3n queda de manera perfecta al caso\u201d, dijo el cantante, quien llama a no olvidar \u201cde d\u00f3nde venimos y qui\u00e9nes somos\u201d.<\/p>\n\n\n\n<p>Lo que busca con la canci\u00f3n es mantener una resistencia pac\u00edfica a trav\u00e9s del arte y el respeto.<\/p>\n\n\n\n<p>El actor mexicano Eugenio Derbez, public\u00f3 en su perfil la frase: \u201cno somos criminales\u201d, acompa\u00f1ada de videos de residentes, activistas y organizaciones migrantes donde se exponen abusos cometidos en las redadas.<\/p>\n","protected":false},"excerpt":{"rendered":"<p>Ante las redadas contra migrantes que se han llevado a cabo, principalmente en Los \u00c1ngeles, Salma Hayek, Pepe Aguilar, Eugenio Derbez, entre otros artistas han expresado su apoyo a la comunidad mexicana y latina. Las redadas migratorias dejaron un saldo de 42 mexicanos detenidos, cuatro fueron deportados a M\u00e9xico, mientras que los dem\u00e1s permanecen en [&hellip;]<\/p>\n","protected":false},"author":4,"featured_media":63509,"comment_status":"open","ping_status":"open","sticky":false,"template":"","format":"standard","meta":{"om_disable_all_campaigns":false,"_monsterinsights_skip_tracking":false,"_monsterinsights_sitenote_active":false,"_monsterinsights_sitenote_note":"","_monsterinsights_sitenote_category":0,"footnotes":""},"categories":[176],"tags":[],"class_list":["post-63508","post","type-post","status-publish","format-standard","has-post-thumbnail","hentry","category-nacional"],"amp_enabled":true,"_links":{"self":[{"href":"https:\/\/lahora.mx\/index.php\/wp-json\/wp\/v2\/posts\/63508","targetHints":{"allow":["GET"]}}],"collection":[{"href":"https:\/\/lahora.mx\/index.php\/wp-json\/wp\/v2\/posts"}],"about":[{"href":"https:\/\/lahora.mx\/index.php\/wp-json\/wp\/v2\/types\/post"}],"author":[{"embeddable":true,"href":"https:\/\/lahora.mx\/index.php\/wp-json\/wp\/v2\/users\/4"}],"replies":[{"embeddable":true,"href":"https:\/\/lahora.mx\/index.php\/wp-json\/wp\/v2\/comments?post=63508"}],"version-history":[{"count":1,"href":"https:\/\/lahora.mx\/index.php\/wp-json\/wp\/v2\/posts\/63508\/revisions"}],"predecessor-version":[{"id":63510,"href":"https:\/\/lahora.mx\/index.php\/wp-json\/wp\/v2\/posts\/63508\/revisions\/63510"}],"wp:featuredmedia":[{"embeddable":true,"href":"https:\/\/lahora.mx\/index.php\/wp-json\/wp\/v2\/media\/63509"}],"wp:attachment":[{"href":"https:\/\/lahora.mx\/index.php\/wp-json\/wp\/v2\/media?parent=63508"}],"wp:term":[{"taxonomy":"category","embeddable":true,"href":"https:\/\/lahora.mx\/index.php\/wp-json\/wp\/v2\/categories?post=63508"},{"taxonomy":"post_tag","embeddable":true,"href":"https:\/\/lahora.mx\/index.php\/wp-json\/wp\/v2\/tags?post=63508"}],"curies":[{"name":"wp","href":"https:\/\/api.w.org\/{rel}","templated":true}]}}