{"id":63505,"date":"2025-06-10T03:31:39","date_gmt":"2025-06-10T03:31:39","guid":{"rendered":"https:\/\/lahora.mx\/?p=63505"},"modified":"2025-06-10T03:31:39","modified_gmt":"2025-06-10T03:31:39","slug":"sedif-continua-el-apoyo-a-damnificados-por-tromba","status":"publish","type":"post","link":"https:\/\/lahora.mx\/index.php\/2025\/06\/10\/sedif-continua-el-apoyo-a-damnificados-por-tromba\/","title":{"rendered":"SEDIF contin\u00faa el apoyo a damnificados por tromba"},"content":{"rendered":"\n<p>Como parte del apoyo destinado a las personas damnificadas en la Sierra Norte y Mixteca, a causa de las fuertes lluvias registradas el pasado 02 de junio, el Gobierno del Estado de Puebla, encabezado por Alejandro Armenta, env\u00edo este fin de semana 250 despensas adicionales a trav\u00e9s del Sistema Estatal para el Desarrollo Integral de la Familia (SEDIF). Asimismo, este lunes 09 de junio se entreg\u00f3 ropa y juguetes mediante la delegaci\u00f3n del SEDIF en Chignahuapan, con el prop\u00f3sito de atender a las familias que lo necesitan.<br><br>Bajo el contexto de la bio\u00e9tica social, el organismo contin\u00faa en coordinaci\u00f3n con diversas dependencias de los tres niveles de gobierno, con el objetivo de brindar un apoyo integral a las y los afectados, como parte del compromiso de esta administraci\u00f3n, caracterizada por su enfoque humanista y orientado a la justicia social.<\/p>\n\n\n\n<p>De igual forma, el SEDIF distribuy\u00f3 paquetes con productos de limpieza en las zonas de Tepeojuma e Iz\u00facar de Matamoros, las cuales incluyeron jab\u00f3n en polvo y l\u00edquido, franelas, recogedores, mechudos, escobas, jaladores, cubetas, guantes, entre otros. Para el municipio de Chignahuapan se enviaron m\u00e1s despensas y este lunes, se enviaron bolsas con ropa que conten\u00edan pantalones para ni\u00f1as y ni\u00f1os, pantalones tipo pants, playeras y sudaderas, como parte de la respuesta integral ante los da\u00f1os ocasionados por dicho fen\u00f3meno natural.<\/p>\n\n\n\n<p>La presidenta del Patronato, Ceci Arellano, y el director general, Juan Carlos Valdez Zayas, se mantienen atentos a la log\u00edstica para continuar con el env\u00edo de comestibles y art\u00edculos para enfrentar las inclemencias del tiempo, debido a que los grupos vulnerables son prioridad en el SEDIF en esta administraci\u00f3n.<\/p>\n","protected":false},"excerpt":{"rendered":"<p>Como parte del apoyo destinado a las personas damnificadas en la Sierra Norte y Mixteca, a causa de las fuertes lluvias registradas el pasado 02 de junio, el Gobierno del Estado de Puebla, encabezado por Alejandro Armenta, env\u00edo este fin de semana 250 despensas adicionales a trav\u00e9s del Sistema Estatal para el Desarrollo Integral de [&hellip;]<\/p>\n","protected":false},"author":4,"featured_media":63506,"comment_status":"open","ping_status":"open","sticky":false,"template":"","format":"standard","meta":{"om_disable_all_campaigns":false,"_monsterinsights_skip_tracking":false,"_monsterinsights_sitenote_active":false,"_monsterinsights_sitenote_note":"","_monsterinsights_sitenote_category":0,"footnotes":""},"categories":[175],"tags":[239,195],"class_list":["post-63505","post","type-post","status-publish","format-standard","has-post-thumbnail","hentry","category-local","tag-gobierno","tag-principal"],"amp_enabled":true,"_links":{"self":[{"href":"https:\/\/lahora.mx\/index.php\/wp-json\/wp\/v2\/posts\/63505","targetHints":{"allow":["GET"]}}],"collection":[{"href":"https:\/\/lahora.mx\/index.php\/wp-json\/wp\/v2\/posts"}],"about":[{"href":"https:\/\/lahora.mx\/index.php\/wp-json\/wp\/v2\/types\/post"}],"author":[{"embeddable":true,"href":"https:\/\/lahora.mx\/index.php\/wp-json\/wp\/v2\/users\/4"}],"replies":[{"embeddable":true,"href":"https:\/\/lahora.mx\/index.php\/wp-json\/wp\/v2\/comments?post=63505"}],"version-history":[{"count":1,"href":"https:\/\/lahora.mx\/index.php\/wp-json\/wp\/v2\/posts\/63505\/revisions"}],"predecessor-version":[{"id":63507,"href":"https:\/\/lahora.mx\/index.php\/wp-json\/wp\/v2\/posts\/63505\/revisions\/63507"}],"wp:featuredmedia":[{"embeddable":true,"href":"https:\/\/lahora.mx\/index.php\/wp-json\/wp\/v2\/media\/63506"}],"wp:attachment":[{"href":"https:\/\/lahora.mx\/index.php\/wp-json\/wp\/v2\/media?parent=63505"}],"wp:term":[{"taxonomy":"category","embeddable":true,"href":"https:\/\/lahora.mx\/index.php\/wp-json\/wp\/v2\/categories?post=63505"},{"taxonomy":"post_tag","embeddable":true,"href":"https:\/\/lahora.mx\/index.php\/wp-json\/wp\/v2\/tags?post=63505"}],"curies":[{"name":"wp","href":"https:\/\/api.w.org\/{rel}","templated":true}]}}