{"id":63502,"date":"2025-06-10T03:28:21","date_gmt":"2025-06-10T03:28:21","guid":{"rendered":"https:\/\/lahora.mx\/?p=63502"},"modified":"2025-06-10T03:28:21","modified_gmt":"2025-06-10T03:28:21","slug":"el-gobernador-alejandro-armenta-lanza-ultimatum-a-agricultura-infraestructura-y-medio-ambiente","status":"publish","type":"post","link":"https:\/\/lahora.mx\/index.php\/2025\/06\/10\/el-gobernador-alejandro-armenta-lanza-ultimatum-a-agricultura-infraestructura-y-medio-ambiente\/","title":{"rendered":"El gobernador Alejandro Armenta lanza ultim\u00e1tum a Agricultura, Infraestructura y Medio Ambiente"},"content":{"rendered":"\n<p>Durante su conferencia de prensa de este lunes, el gobernador Alejandro Armenta hizo llamados de atenci\u00f3n p\u00fablicos a los titulares de tres secretar\u00edas del gobierno estatal y les puso plazos, inst\u00e1ndolos p\u00fablicamente a que entreguen avances con respecto a temas que ha solicitado impulsar.<\/p>\n\n\n\n<p>Se trata de los titulares de Agricultura y Desarrollo Rural, Infraestructura y Medio Ambiente, a quienes el mandatario se dirigi\u00f3 de manera personal para pedirles avances y resultados en proyectos prioritarios que se han comprometido a implementar este a\u00f1o.<\/p>\n\n\n\n<p>El caf\u00e9 soluble<br>En el caso de la titular de la Agricultura y Desarrollo Rural, Ana Laura Altamirano, la funcionaria particip\u00f3 en la conferencia para dar a conocer los detalles de la Convenci\u00f3n Nacional del Caf\u00e9 (Concafe), que tendr\u00e1 lugar del 12 al 15 de junio en el Centro de Convenciones William O\u2019Jenkins.<\/p>\n\n\n\n<p>Una vez que Altamirano concluy\u00f3 su intervenci\u00f3n, el gobernador Alejandro Armenta tom\u00f3 el micr\u00f3fono y, a viva voz, le pregunt\u00f3 a la secretaria: \u201c\u00bfcu\u00e1ndo el caf\u00e9 soluble en Puebla?\u201d, en referencia a la marca de caf\u00e9 soluble 5 de Mayo que el mandatario busca que se ponga a la venta en las tiendas hom\u00f3nimas.<\/p>\n\n\n\n<p>La funcionaria le respondi\u00f3 se\u00f1alando que \u201cvamos a mostrar las primeras en la convenci\u00f3n el jueves\u201d, por lo cual se espera que el p\u00fablico poblano y los visitantes que acudan puedan degustar las primeras muestras de este producto durante la Concafe 2025.<\/p>\n\n\n\n<p>Esta respuesta no fue suficiente para el mandatario estatal, quien volvi\u00f3 a preguntarle: \u201c\u00bfcu\u00e1ndo caf\u00e9 soluble para Puebla?\u201d. Frente al cuestionamiento, la funcionaria respondi\u00f3 que estar\u00e1 disponible \u201cya que nos den la autorizaci\u00f3n\u201d.<\/p>\n\n\n\n<p>A esto Armenta revir\u00f3, \u201c\u00bfen qu\u00e9 mes?\u201d, y Altamirano se mostr\u00f3 dubitativa, declarando: \u201cpues no s\u00e9, nada m\u00e1s necesitamos\u2026\u201d antes de ser interrumpida por el gobernador, quien afirm\u00f3 que \u201csu boca es medida. \u00bfEn qu\u00e9 mes tenemos caf\u00e9 soluble 5 de mayo?\u201d.<\/p>\n\n\n\n<p>Al ser presionada por el mandatario, la secretaria ofreci\u00f3 mayor claridad y explic\u00f3 que \u201cyo creo que en septiembre ya tenemos caf\u00e9 soluble, gobernador\u201d. La respuesta satisfizo al gobernador, quien permiti\u00f3 que continuara la conferencia una vez que la funcionaria confirm\u00f3 que para dicho mes ser\u00e1 posible para los consumidores adquirirlo.<\/p>\n\n\n\n<p>En momentos anteriores el gobernador Armenta ha declarado que \u201cvamos a ser el primer estado en producir caf\u00e9 soluble con una cooperativa y eso les va a generar ingresos extraordinarios, ya estamos en eso\u201d, por lo cual ha consignado que es un tema prioritario para su gobierno.<\/p>\n\n\n\n<p>De la misma manera, el gobernador exhort\u00f3 a la titular de la Secretar\u00eda de Medio Ambiente, Desarrollo Sustentable y Ordenamiento estatal, Rebeca Ba\u00f1uelos Guadarrama, para que presione a los funcionarios de su dependencia y entreguen el proyecto de la tecnolog\u00eda que utilizar\u00e1 la empresa FertiPue para transformar el lirio del Lago de Valsequillo en fertilizante.<\/p>\n\n\n\n<p>\u201cLa maestra Rebeca ahorita les va a contestar, no sin antes decirles que en el caso de FertiPue coment\u00e9 que el d\u00eda viernes espero un proyecto, un anteproyecto, el viernes, todav\u00eda estamos a lunes, as\u00ed es que serenos, g\u00fceros o morenos. como sea, \u00bfde acuerdo? El viernes\u201d, afirm\u00f3 el mandatario.<\/p>\n\n\n\n<p>Se trata del segundo llamado de atenci\u00f3n que hace Armenta sobre este tema, puesto que el s\u00e1bado 7 de junio, durante una faena comunitaria en el Parque Estatal Flor del Bosque, emplaz\u00f3 a la funcionaria que a presione a su director encargado para que entregue lo solicitado, o de lo contrario que dicha persona entregue su renuncia.<\/p>\n\n\n\n<p>\u201cEsta semana nos tienen que dar la tecnolog\u00eda con la que debemos rescatar el lirio. Y esta semana quiero, secretaria del Medio Ambiente, el prototipo de FertiPue. Esta semana. D\u00edgale a su directora o director que o me presente el proyecto de FertiPue o que me presente su renuncia. \u00bfSale?\u201d Cualquiera de las dos cosas, esta semana\u201d, sentenci\u00f3 el gobernador.<\/p>\n\n\n\n<p>Del mismo modo, Armenta afirm\u00f3 este d\u00eda: \u201cNo me gusta que est\u00e9n haci\u00e9ndole al cuento en las cosas que nos urgen, porque necesitamos rescatar el lago de Valsequillo para Puebla. Los que quieran trabajar en el gobierno tienen que dar resultados. Y los que no, que se vayan a otro lado. Porque amar a Puebla es servirlo de manera eficiente\u201d.<\/p>\n\n\n\n<p>Pidi\u00f3 proyecto de ciclov\u00edas<br>Quien tambi\u00e9n recibi\u00f3 un emplazamiento fue el secretario de Infraestructura estatal, Jos\u00e9 Manuel Contreras, ya que el gobernador le solicit\u00f3 nuevamente que entregue el proyecto para establecer una red de ciclov\u00edas o ciclopistas que conecte las ya existentes y se extienda hasta municipios como Amozoc, Tepeaca y Tecamachalco, creando as\u00ed la ciclov\u00eda m\u00e1s grande de M\u00e9xico.<\/p>\n\n\n\n<p>\u201cLuego, las ciclopistas, todas las ciclopistas, espero que ya el ingeniero Manuel tambi\u00e9n me haga llegar la propuesta, de todas las ciclopistas, la Secretar\u00eda de Movilidad del gobierno de la Ciudad de M\u00e9xico ofreci\u00f3 ayudarnos con el sistema que ellos tienen, y queremos que empresas poblanas y el Polit\u00e9cnico, la BUAP, nos ayude en una modalidad mixta para tener nuestro sistema de bicicletas, para que se convierta en un esquema de transporte\u201d, expres\u00f3 el mandatario.<\/p>\n\n\n\n<p>En este sentido, tambi\u00e9n se trata del segundo llamado del gobernador, quien durante la conferencia del 28 de mayo, indic\u00f3 que \u201cel proyecto de la ruta de ciclopista se lo encargu\u00e9 la otra semana, espero ver el borrador. Desde San Andr\u00e9s, San Pedro, Puebla, Tepeaca, Chachapa, Amozoc, Tepeaca, La Colorada, Tecamachalco\u2026 La ciclopista va a ser la m\u00e1s grande de M\u00e9xico\u201d.<\/p>\n\n\n\n<p>Sobre este tema, hoy el mandatario ofreci\u00f3 mayores detalles sobre cu\u00e1l podr\u00eda ser el recorrido de esta ciclov\u00eda o ciclopista, informando que va a conectar la Recta a Cholula, la carretera federal a Atlixco y la V\u00eda Atlixc\u00e1yotl con el Perif\u00e9rico Ecol\u00f3gico, donde ya existe una ciclov\u00eda elevada inaugurada por el fallecido gobernador Rafael Moreno Valle Rosas.<\/p>\n\n\n\n<p>De igual modo, enlazar\u00e1 \u201cla parte central hasta la salida a Amozoc para que conecte con la que va a atravesar la Diagonal (Defensores de la Rep\u00fablica), de tal suerte que se convierta en un sistema de movilidad que permita a los ciclistas y a los corredores tener un espacio deportivo, pero tambi\u00e9n un espacio de comunicaci\u00f3n bajo el mismo esquema que tiene la Ciudad de M\u00e9xico\u201d, indic\u00f3 el gobernador.<\/p>\n","protected":false},"excerpt":{"rendered":"<p>Durante su conferencia de prensa de este lunes, el gobernador Alejandro Armenta hizo llamados de atenci\u00f3n p\u00fablicos a los titulares de tres secretar\u00edas del gobierno estatal y les puso plazos, inst\u00e1ndolos p\u00fablicamente a que entreguen avances con respecto a temas que ha solicitado impulsar. Se trata de los titulares de Agricultura y Desarrollo Rural, Infraestructura [&hellip;]<\/p>\n","protected":false},"author":4,"featured_media":63503,"comment_status":"open","ping_status":"open","sticky":false,"template":"","format":"standard","meta":{"om_disable_all_campaigns":false,"_monsterinsights_skip_tracking":false,"_monsterinsights_sitenote_active":false,"_monsterinsights_sitenote_note":"","_monsterinsights_sitenote_category":0,"footnotes":""},"categories":[175],"tags":[239,223],"class_list":["post-63502","post","type-post","status-publish","format-standard","has-post-thumbnail","hentry","category-local","tag-gobierno","tag-puebla"],"amp_enabled":true,"_links":{"self":[{"href":"https:\/\/lahora.mx\/index.php\/wp-json\/wp\/v2\/posts\/63502","targetHints":{"allow":["GET"]}}],"collection":[{"href":"https:\/\/lahora.mx\/index.php\/wp-json\/wp\/v2\/posts"}],"about":[{"href":"https:\/\/lahora.mx\/index.php\/wp-json\/wp\/v2\/types\/post"}],"author":[{"embeddable":true,"href":"https:\/\/lahora.mx\/index.php\/wp-json\/wp\/v2\/users\/4"}],"replies":[{"embeddable":true,"href":"https:\/\/lahora.mx\/index.php\/wp-json\/wp\/v2\/comments?post=63502"}],"version-history":[{"count":1,"href":"https:\/\/lahora.mx\/index.php\/wp-json\/wp\/v2\/posts\/63502\/revisions"}],"predecessor-version":[{"id":63504,"href":"https:\/\/lahora.mx\/index.php\/wp-json\/wp\/v2\/posts\/63502\/revisions\/63504"}],"wp:featuredmedia":[{"embeddable":true,"href":"https:\/\/lahora.mx\/index.php\/wp-json\/wp\/v2\/media\/63503"}],"wp:attachment":[{"href":"https:\/\/lahora.mx\/index.php\/wp-json\/wp\/v2\/media?parent=63502"}],"wp:term":[{"taxonomy":"category","embeddable":true,"href":"https:\/\/lahora.mx\/index.php\/wp-json\/wp\/v2\/categories?post=63502"},{"taxonomy":"post_tag","embeddable":true,"href":"https:\/\/lahora.mx\/index.php\/wp-json\/wp\/v2\/tags?post=63502"}],"curies":[{"name":"wp","href":"https:\/\/api.w.org\/{rel}","templated":true}]}}