{"id":63492,"date":"2025-06-10T03:11:22","date_gmt":"2025-06-10T03:11:22","guid":{"rendered":"https:\/\/lahora.mx\/?p=63492"},"modified":"2025-06-10T03:11:22","modified_gmt":"2025-06-10T03:11:22","slug":"michelin-anuncia-el-cierre-de-su-planta-en-queretaro","status":"publish","type":"post","link":"https:\/\/lahora.mx\/index.php\/2025\/06\/10\/michelin-anuncia-el-cierre-de-su-planta-en-queretaro\/","title":{"rendered":"Michel\u00edn anuncia el cierre de su planta en Quer\u00e9taro"},"content":{"rendered":"\n<p>La empresa francesa Michelin anunci\u00f3 el cierre de su planta en Quer\u00e9taro, programado para finales de 2025, como parte de una reestructura global para adaptarse a las demandas del mercado.<\/p>\n\n\n\n<p>Este 9 de junio la compa\u00f1\u00eda inform\u00f3 que fusionar\u00e1 sus operaciones con la planta de Le\u00f3n, Guanajuato, una de sus instalaciones m\u00e1s modernas a nivel mundial, debido a la obsolescencia tecnol\u00f3gica y econ\u00f3mica de la f\u00e1brica queretana.<\/p>\n\n\n\n<p>La decisi\u00f3n, tomada tras la revisi\u00f3n de sus operaciones, responde a la creciente demanda de llantas de mayor tama\u00f1o para autom\u00f3viles de pasajeros y camionetas ligeras, un segmento que la planta de Quer\u00e9taro no est\u00e1 equipada para atender.<\/p>\n\n\n\n<p>La planta, inaugurada hace m\u00e1s de 20 a\u00f1os como el primer sitio industrial de Michelin en M\u00e9xico, produce actualmente menos de medio mill\u00f3n de neum\u00e1ticos BFGoodrich al a\u00f1o, adem\u00e1s de bandas para el renovado de llantas de cami\u00f3n.<\/p>\n\n\n\n<p>Sin embargo, su infraestructura resulta inviable para competir en el mercado actual, lo que llev\u00f3 a la empresa a optar por esta medida como \u00faltimo recurso.<\/p>\n\n\n\n<p>Matthieu Aubron, director general de Michelin para M\u00e9xico y Centroam\u00e9rica, expres\u00f3 que cerrar la planta ha sido una de las decisiones m\u00e1s dif\u00edciles, destacando que se gestionar\u00e1 con respeto hacia los 480 empleados afectados, a quienes se les brindar\u00e1 apoyo durante el proceso.<\/p>\n\n\n\n<p>El cierre ser\u00e1 gradual, con una reducci\u00f3n de la producci\u00f3n iniciada este a\u00f1o, y Michelin ya comenz\u00f3 conversaciones colectivas con los trabajadores para detallar los pasos a seguir.<\/p>\n\n\n\n<p>La empresa se comprometi\u00f3 a ofrecer paquetes de indemnizaci\u00f3n econ\u00f3mica, asistencia para la b\u00fasqueda de empleo y programas de capacitaci\u00f3n externa para mejorar la empleabilidad de los afectados.<\/p>\n\n\n\n<p>Asimismo, la Secretar\u00eda de Econom\u00eda, a trav\u00e9s de Marcelo Ebrard, confirm\u00f3 que esta fusi\u00f3n busca optimizar la producci\u00f3n, ya que la planta de Le\u00f3n fabrica llantas m\u00e1s acordes con las necesidades actuales del mercado mexicano.<\/p>\n\n\n\n<p>A pesar del cierre de la planta en Quer\u00e9taro, la compa\u00f1\u00eda la tendr\u00e1 como sede corporativa y no detendr\u00e1 sus operaciones comerciales en la ciudad, incluyendo su unidad de Servicios Corporativos Compartidos (CBS), que atiende a M\u00e9xico y Centroam\u00e9rica.<\/p>\n","protected":false},"excerpt":{"rendered":"<p>La empresa francesa Michelin anunci\u00f3 el cierre de su planta en Quer\u00e9taro, programado para finales de 2025, como parte de una reestructura global para adaptarse a las demandas del mercado. Este 9 de junio la compa\u00f1\u00eda inform\u00f3 que fusionar\u00e1 sus operaciones con la planta de Le\u00f3n, Guanajuato, una de sus instalaciones m\u00e1s modernas a nivel [&hellip;]<\/p>\n","protected":false},"author":4,"featured_media":63493,"comment_status":"open","ping_status":"open","sticky":false,"template":"","format":"standard","meta":{"om_disable_all_campaigns":false,"_monsterinsights_skip_tracking":false,"_monsterinsights_sitenote_active":false,"_monsterinsights_sitenote_note":"","_monsterinsights_sitenote_category":0,"footnotes":""},"categories":[176],"tags":[223],"class_list":["post-63492","post","type-post","status-publish","format-standard","has-post-thumbnail","hentry","category-nacional","tag-puebla"],"amp_enabled":true,"_links":{"self":[{"href":"https:\/\/lahora.mx\/index.php\/wp-json\/wp\/v2\/posts\/63492","targetHints":{"allow":["GET"]}}],"collection":[{"href":"https:\/\/lahora.mx\/index.php\/wp-json\/wp\/v2\/posts"}],"about":[{"href":"https:\/\/lahora.mx\/index.php\/wp-json\/wp\/v2\/types\/post"}],"author":[{"embeddable":true,"href":"https:\/\/lahora.mx\/index.php\/wp-json\/wp\/v2\/users\/4"}],"replies":[{"embeddable":true,"href":"https:\/\/lahora.mx\/index.php\/wp-json\/wp\/v2\/comments?post=63492"}],"version-history":[{"count":1,"href":"https:\/\/lahora.mx\/index.php\/wp-json\/wp\/v2\/posts\/63492\/revisions"}],"predecessor-version":[{"id":63494,"href":"https:\/\/lahora.mx\/index.php\/wp-json\/wp\/v2\/posts\/63492\/revisions\/63494"}],"wp:featuredmedia":[{"embeddable":true,"href":"https:\/\/lahora.mx\/index.php\/wp-json\/wp\/v2\/media\/63493"}],"wp:attachment":[{"href":"https:\/\/lahora.mx\/index.php\/wp-json\/wp\/v2\/media?parent=63492"}],"wp:term":[{"taxonomy":"category","embeddable":true,"href":"https:\/\/lahora.mx\/index.php\/wp-json\/wp\/v2\/categories?post=63492"},{"taxonomy":"post_tag","embeddable":true,"href":"https:\/\/lahora.mx\/index.php\/wp-json\/wp\/v2\/tags?post=63492"}],"curies":[{"name":"wp","href":"https:\/\/api.w.org\/{rel}","templated":true}]}}