{"id":63487,"date":"2025-06-09T23:41:40","date_gmt":"2025-06-09T23:41:40","guid":{"rendered":"https:\/\/lahora.mx\/?p=63487"},"modified":"2025-06-09T23:41:41","modified_gmt":"2025-06-09T23:41:41","slug":"california-demanda-a-trump-por-desplegar-de-manera-ilegal-a-la-guardia-nacional-orden-pisoteo-soberania-estatal-dice","status":"publish","type":"post","link":"https:\/\/lahora.mx\/index.php\/2025\/06\/09\/california-demanda-a-trump-por-desplegar-de-manera-ilegal-a-la-guardia-nacional-orden-pisoteo-soberania-estatal-dice\/","title":{"rendered":"California demanda a Trump por desplegar de manera \u00abilegal\u00bb a la Guardia Nacional; orden \u00abpisote\u00f3\u00bb soberan\u00eda estatal, dice"},"content":{"rendered":"\n<p>Las autoridades del estado de California presentar\u00e1n una demanda contra el presidente de Estados Unidos, Donad Trump, por desplegar de manera \u00abilegal\u00bb a la Guardia Nacional bajo el argumento de contener las protestas de Los \u00c1ngeles, contra las redadas migratorias.<\/p>\n\n\n\n<p>El fiscal general de California, Rob Bonta, junto con el gobernador de California, Gavin Newson, \u00abest\u00e1n demandando a Donald Trump y pidiendo al tribunal que anule la acci\u00f3n ilegal del presidente de federalizar la Guardia Nacional de California\u00bb, inform\u00f3 Bonta este lunes en una declaraci\u00f3n.<\/p>\n\n\n\n<p>A\u00f1adi\u00f3 que conf\u00eda en que su estado ganar\u00e1 una demanda contra la administraci\u00f3n Trump por su orden de federalizar las tropas de la Guardia Nacional y desplegarlas en las protestas en Los \u00c1ngeles.<\/p>\n\n\n\n<p>\u00abS\u00ed, creemos que ganaremos\u00bb, dijo Bonta en respuesta a una pregunta durante una conferencia de prensa virtual.<\/p>\n\n\n\n<p>Tambi\u00e9n desestim\u00f3 la sugerencia del presidente Trump de que su zar fronterizo, Tom Homan, deber\u00eda arrestar al gobernador de California, calific\u00e1ndola de \u00abm\u00e1s palabras, m\u00e1s faroles, m\u00e1s bravuconer\u00eda, m\u00e1s amenazas\u00bb.<\/p>\n\n\n\n<p>\u201cLos estados tienen derechos. Pueden actuar conforme a la ley\u201d, declar\u00f3 Bonta.<\/p>\n\n\n\n<p>A\u00f1adi\u00f3 que el secretario de Defensa, Pete Hegseth, ignor\u00f3 la solicitud del gobernador Gavin Newsom de rescindir el despliegue de tropas de la Guardia Nacional.<\/p>\n","protected":false},"excerpt":{"rendered":"<p>Las autoridades del estado de California presentar\u00e1n una demanda contra el presidente de Estados Unidos, Donad Trump, por desplegar de manera \u00abilegal\u00bb a la Guardia Nacional bajo el argumento de contener las protestas de Los \u00c1ngeles, contra las redadas migratorias. El fiscal general de California, Rob Bonta, junto con el gobernador de California, Gavin Newson, [&hellip;]<\/p>\n","protected":false},"author":4,"featured_media":63488,"comment_status":"open","ping_status":"open","sticky":false,"template":"","format":"standard","meta":{"om_disable_all_campaigns":false,"_monsterinsights_skip_tracking":false,"_monsterinsights_sitenote_active":false,"_monsterinsights_sitenote_note":"","_monsterinsights_sitenote_category":0,"footnotes":""},"categories":[176],"tags":[223],"class_list":["post-63487","post","type-post","status-publish","format-standard","has-post-thumbnail","hentry","category-nacional","tag-puebla"],"amp_enabled":true,"_links":{"self":[{"href":"https:\/\/lahora.mx\/index.php\/wp-json\/wp\/v2\/posts\/63487","targetHints":{"allow":["GET"]}}],"collection":[{"href":"https:\/\/lahora.mx\/index.php\/wp-json\/wp\/v2\/posts"}],"about":[{"href":"https:\/\/lahora.mx\/index.php\/wp-json\/wp\/v2\/types\/post"}],"author":[{"embeddable":true,"href":"https:\/\/lahora.mx\/index.php\/wp-json\/wp\/v2\/users\/4"}],"replies":[{"embeddable":true,"href":"https:\/\/lahora.mx\/index.php\/wp-json\/wp\/v2\/comments?post=63487"}],"version-history":[{"count":1,"href":"https:\/\/lahora.mx\/index.php\/wp-json\/wp\/v2\/posts\/63487\/revisions"}],"predecessor-version":[{"id":63489,"href":"https:\/\/lahora.mx\/index.php\/wp-json\/wp\/v2\/posts\/63487\/revisions\/63489"}],"wp:featuredmedia":[{"embeddable":true,"href":"https:\/\/lahora.mx\/index.php\/wp-json\/wp\/v2\/media\/63488"}],"wp:attachment":[{"href":"https:\/\/lahora.mx\/index.php\/wp-json\/wp\/v2\/media?parent=63487"}],"wp:term":[{"taxonomy":"category","embeddable":true,"href":"https:\/\/lahora.mx\/index.php\/wp-json\/wp\/v2\/categories?post=63487"},{"taxonomy":"post_tag","embeddable":true,"href":"https:\/\/lahora.mx\/index.php\/wp-json\/wp\/v2\/tags?post=63487"}],"curies":[{"name":"wp","href":"https:\/\/api.w.org\/{rel}","templated":true}]}}