{"id":63465,"date":"2025-06-09T23:22:51","date_gmt":"2025-06-09T23:22:51","guid":{"rendered":"https:\/\/lahora.mx\/?p=63465"},"modified":"2025-06-09T23:22:52","modified_gmt":"2025-06-09T23:22:52","slug":"fge-investiga-irregularidades-detectados-en-registro-civil-de-la-propiedad-capcee-y-medio-ambiente","status":"publish","type":"post","link":"https:\/\/lahora.mx\/index.php\/2025\/06\/09\/fge-investiga-irregularidades-detectados-en-registro-civil-de-la-propiedad-capcee-y-medio-ambiente\/","title":{"rendered":"FGE investiga irregularidades detectados en Registro Civil, de la Propiedad, CAPCEE y Medio Ambiente"},"content":{"rendered":"\n<p>Dentro de las investigaciones que se est\u00e1n realizando en las dependencias, se detectaron irregularidades en el Registro Civil, el Registro P\u00fablico de la Propiedad, en el CAPCEE y en la Secretar\u00eda de Medio Ambiente, inform\u00f3 el titular del Ejecutivo, Alejandro Armenta Mier.<\/p>\n\n\n\n<p>En su conferencia matutina, explic\u00f3 que la Fiscal\u00eda General del Estado detect\u00f3 actos de corrupci\u00f3n, los cuales no ser\u00e1n permitidos dentro de su administraci\u00f3n.<\/p>\n\n\n\n<p>En ese sentido, precis\u00f3 que no se trata de una persecuci\u00f3n, sino de poner en orden al estado y no pasar por alto las irregularidades.<\/p>\n\n\n\n<p>\u201cEstamos poniendo orden y no estamos en contra de nadie, y no perseguimos a nadie; solo queremos aplicar la ley\u201d, dijo.<\/p>\n\n\n\n<p>En ese sentido, Alejandro Armenta hizo un llamado a la ciudadan\u00eda a no pasar por alto este tipo de actos de corrupci\u00f3n y a no aceptar dar dinero a cambio de alg\u00fan tr\u00e1mite.<\/p>\n\n\n\n<p>Durante su discurso, Armenta Mier, sin dar m\u00e1s detalles, inform\u00f3 que ya fueron aplicadas algunas sanciones por este tipo de casos.<\/p>\n\n\n\n<p>\u201cLa Secretar\u00eda de Anticorrupci\u00f3n est\u00e1 actuando en apego a la ley y con respeto\u201d, precis\u00f3 el gobernador del estado.<\/p>\n\n\n\n<p>Por \u00faltimo, Alejandro Armenta adelant\u00f3 que ya tiene resultados sobre las investigaciones e irregularidades del Museo Barroco, mismas que ser\u00e1n informadas en los pr\u00f3ximos d\u00edas.<\/p>\n\n\n\n<p>\u201cEn esta semana les daremos noticias hist\u00f3ricas sobre el monumento a la corrupci\u00f3n y resolver el fraude\u201d, finaliz\u00f3.<\/p>\n","protected":false},"excerpt":{"rendered":"<p>Dentro de las investigaciones que se est\u00e1n realizando en las dependencias, se detectaron irregularidades en el Registro Civil, el Registro P\u00fablico de la Propiedad, en el CAPCEE y en la Secretar\u00eda de Medio Ambiente, inform\u00f3 el titular del Ejecutivo, Alejandro Armenta Mier. En su conferencia matutina, explic\u00f3 que la Fiscal\u00eda General del Estado detect\u00f3 actos [&hellip;]<\/p>\n","protected":false},"author":4,"featured_media":63470,"comment_status":"open","ping_status":"open","sticky":false,"template":"","format":"standard","meta":{"om_disable_all_campaigns":false,"_monsterinsights_skip_tracking":false,"_monsterinsights_sitenote_active":false,"_monsterinsights_sitenote_note":"","_monsterinsights_sitenote_category":0,"footnotes":""},"categories":[175],"tags":[239,223],"class_list":["post-63465","post","type-post","status-publish","format-standard","has-post-thumbnail","hentry","category-local","tag-gobierno","tag-puebla"],"amp_enabled":true,"_links":{"self":[{"href":"https:\/\/lahora.mx\/index.php\/wp-json\/wp\/v2\/posts\/63465","targetHints":{"allow":["GET"]}}],"collection":[{"href":"https:\/\/lahora.mx\/index.php\/wp-json\/wp\/v2\/posts"}],"about":[{"href":"https:\/\/lahora.mx\/index.php\/wp-json\/wp\/v2\/types\/post"}],"author":[{"embeddable":true,"href":"https:\/\/lahora.mx\/index.php\/wp-json\/wp\/v2\/users\/4"}],"replies":[{"embeddable":true,"href":"https:\/\/lahora.mx\/index.php\/wp-json\/wp\/v2\/comments?post=63465"}],"version-history":[{"count":1,"href":"https:\/\/lahora.mx\/index.php\/wp-json\/wp\/v2\/posts\/63465\/revisions"}],"predecessor-version":[{"id":63471,"href":"https:\/\/lahora.mx\/index.php\/wp-json\/wp\/v2\/posts\/63465\/revisions\/63471"}],"wp:featuredmedia":[{"embeddable":true,"href":"https:\/\/lahora.mx\/index.php\/wp-json\/wp\/v2\/media\/63470"}],"wp:attachment":[{"href":"https:\/\/lahora.mx\/index.php\/wp-json\/wp\/v2\/media?parent=63465"}],"wp:term":[{"taxonomy":"category","embeddable":true,"href":"https:\/\/lahora.mx\/index.php\/wp-json\/wp\/v2\/categories?post=63465"},{"taxonomy":"post_tag","embeddable":true,"href":"https:\/\/lahora.mx\/index.php\/wp-json\/wp\/v2\/tags?post=63465"}],"curies":[{"name":"wp","href":"https:\/\/api.w.org\/{rel}","templated":true}]}}