{"id":63462,"date":"2025-06-09T18:42:18","date_gmt":"2025-06-09T18:42:18","guid":{"rendered":"https:\/\/lahora.mx\/?p=63462"},"modified":"2025-06-09T18:42:19","modified_gmt":"2025-06-09T18:42:19","slug":"gobierno-de-puebla-respalda-postura-diplomatica-de-presidenta-sheinbaum-en-favor-de-derechos-de-migrantes","status":"publish","type":"post","link":"https:\/\/lahora.mx\/index.php\/2025\/06\/09\/gobierno-de-puebla-respalda-postura-diplomatica-de-presidenta-sheinbaum-en-favor-de-derechos-de-migrantes\/","title":{"rendered":"Gobierno de Puebla respalda postura diplom\u00e1tica de presidenta Sheinbaum en favor de derechos de migrantes"},"content":{"rendered":"\n<p>El Gobierno del Estado de Puebla respalda la postura diplom\u00e1tica de la presidenta de M\u00e9xico, Claudia Sheinbaum, y se suma a las acciones que emprenda el Gobierno de M\u00e9xico ante las redadas migratorias desplegadas por las autoridades estadounidenses en Los \u00c1ngeles, California, y en otros estados de la Uni\u00f3n Americana, as\u00ed lo asegur\u00f3 el gobernador Alejandro Armenta durante la rueda de prensa de este lunes.<\/p>\n\n\n\n<p>Subray\u00f3 que no es con redadas, ni con violencia c\u00f3mo se atiende la migraci\u00f3n, sino con una estrategia solidaria y una reforma integral.<\/p>\n\n\n\n<p>Cabe resaltar que, durante la ma\u00f1anera del pueblo, la presidenta de M\u00e9xico, Claudia Sheinbaum, hizo un llamado respetuoso y firme a las autoridades estadounidenses para que todos los procedimientos migratorios se realicen con apego al debido proceso en un marco de respeto a la dignidad humana y al Estado de Derecho. Puntualiz\u00f3 que la migraci\u00f3n debe ser abordada desde una perspectiva integral, humana y con corresponsabilidad regional.<\/p>\n\n\n\n<p>\u00abM\u00e9xico est\u00e1 en la disposici\u00f3n de continuar colaborando con el Gobierno de Estados Unidos en la b\u00fasqueda de soluciones que privilegien el respeto a los derechos humanos, la legalidad y el desarrollo compartido\u00bb, enfatiz\u00f3 la presidenta.<\/p>\n\n\n\n<p>En este mismo sentido, el gobernador Alejando Armenta lament\u00f3 y conden\u00f3 las agresiones y violaciones a los derechos humanos, e instruy\u00f3 al secretario de Gobernaci\u00f3n, Samuel Aguilar Pala y al coordinador de Gabinete, Jos\u00e9 Luis Garc\u00eda Parra, a integrar un grupo de 10 abogados y abogadas que asistan a Los \u00c1ngeles, California con el objetivo de incorporarse a la Casa de Representaci\u00f3n Por Amor a Puebla, a fin de establecer una defensor\u00eda de los hermanos migrantes. \u00abTambi\u00e9n estaremos preparando otro equipo para Nueva York y New Jersey, para tener abogados competentes que defiendan los derechos de los migrantes\u00bb, asever\u00f3 el mandatario.<\/p>\n\n\n\n<p>Por \u00faltimo, el gobernador de Puebla puntualiz\u00f3 que las y los hermanos migrantes son h\u00e9roes y hero\u00ednas de la patria, sostienen a sus familias, a sus comunidades y colaboran con la econom\u00eda de Estados Unidos. Destac\u00f3 que Los \u00c1ngeles y Nueva York no ser\u00edan los grandes estados que son, sin la fuerza laboral de migrantes mexicanos.<\/p>\n","protected":false},"excerpt":{"rendered":"<p>El Gobierno del Estado de Puebla respalda la postura diplom\u00e1tica de la presidenta de M\u00e9xico, Claudia Sheinbaum, y se suma a las acciones que emprenda el Gobierno de M\u00e9xico ante las redadas migratorias desplegadas por las autoridades estadounidenses en Los \u00c1ngeles, California, y en otros estados de la Uni\u00f3n Americana, as\u00ed lo asegur\u00f3 el gobernador [&hellip;]<\/p>\n","protected":false},"author":4,"featured_media":63463,"comment_status":"open","ping_status":"open","sticky":false,"template":"","format":"standard","meta":{"om_disable_all_campaigns":false,"_monsterinsights_skip_tracking":false,"_monsterinsights_sitenote_active":false,"_monsterinsights_sitenote_note":"","_monsterinsights_sitenote_category":0,"footnotes":""},"categories":[175],"tags":[239,195,223],"class_list":["post-63462","post","type-post","status-publish","format-standard","has-post-thumbnail","hentry","category-local","tag-gobierno","tag-principal","tag-puebla"],"amp_enabled":true,"_links":{"self":[{"href":"https:\/\/lahora.mx\/index.php\/wp-json\/wp\/v2\/posts\/63462","targetHints":{"allow":["GET"]}}],"collection":[{"href":"https:\/\/lahora.mx\/index.php\/wp-json\/wp\/v2\/posts"}],"about":[{"href":"https:\/\/lahora.mx\/index.php\/wp-json\/wp\/v2\/types\/post"}],"author":[{"embeddable":true,"href":"https:\/\/lahora.mx\/index.php\/wp-json\/wp\/v2\/users\/4"}],"replies":[{"embeddable":true,"href":"https:\/\/lahora.mx\/index.php\/wp-json\/wp\/v2\/comments?post=63462"}],"version-history":[{"count":1,"href":"https:\/\/lahora.mx\/index.php\/wp-json\/wp\/v2\/posts\/63462\/revisions"}],"predecessor-version":[{"id":63464,"href":"https:\/\/lahora.mx\/index.php\/wp-json\/wp\/v2\/posts\/63462\/revisions\/63464"}],"wp:featuredmedia":[{"embeddable":true,"href":"https:\/\/lahora.mx\/index.php\/wp-json\/wp\/v2\/media\/63463"}],"wp:attachment":[{"href":"https:\/\/lahora.mx\/index.php\/wp-json\/wp\/v2\/media?parent=63462"}],"wp:term":[{"taxonomy":"category","embeddable":true,"href":"https:\/\/lahora.mx\/index.php\/wp-json\/wp\/v2\/categories?post=63462"},{"taxonomy":"post_tag","embeddable":true,"href":"https:\/\/lahora.mx\/index.php\/wp-json\/wp\/v2\/tags?post=63462"}],"curies":[{"name":"wp","href":"https:\/\/api.w.org\/{rel}","templated":true}]}}