{"id":63456,"date":"2025-06-09T16:33:16","date_gmt":"2025-06-09T16:33:16","guid":{"rendered":"https:\/\/lahora.mx\/?p=63456"},"modified":"2025-06-09T16:33:17","modified_gmt":"2025-06-09T16:33:17","slug":"no-caigan-en-provocaciones-pide-la-presidenta-claudia-sheinbaum-a-mexicanos-por-redadas-en-eu","status":"publish","type":"post","link":"https:\/\/lahora.mx\/index.php\/2025\/06\/09\/no-caigan-en-provocaciones-pide-la-presidenta-claudia-sheinbaum-a-mexicanos-por-redadas-en-eu\/","title":{"rendered":"No caigan en provocaciones, pide la presidenta Claudia Sheinbaum a mexicanos por redadas en EU"},"content":{"rendered":"\n<p>Sobre las protestas en Los \u00c1ngeles por ciudadanos de origen mexicano contra redadas de agentes migratorios estadunidenses con el objetivo de deportar a quienes les parezcan sospechosos, la presidenta Claudia Sheinbaum pidi\u00f3 a los connacionales no caer en provocaciones.<\/p>\n\n\n\n<p>Si bien la mandataria federal rechaz\u00f3 las pr\u00e1cticas del gobierno de Donald Trump y asegur\u00f3 son inservibles para confrontar las problem\u00e1ticas migrantes en el pa\u00eds vecino, tambi\u00e9n descalific\u00f3 las acciones violentas de los grupos latinos que comenzaron desde el viernes pasado.<\/p>\n\n\n\n<p>Respecto a la quema de patrullas estadunidenses que se dio a conocer durante el fin de semana \u2014resultado de las confrontaciones entre civiles y agentes\u2014 la titular del Ejecutivo federal afirm\u00f3 lo siguiente:<\/p>\n\n\n\n<p>\u201cParece m\u00e1s un acto de provocaci\u00f3n que de resistencia. Debe quedar claro, condenamos la violencia venga de donde venga. Llamamos a la comunidad mexicana a actuar de manera pac\u00edfica y no caer en provocaciones\u201d.<\/p>\n\n\n\n<p>Te puede interesar:<\/p>\n\n\n\n<p>Tras redadas contra migrantes en Los \u00c1ngeles, M\u00e9xico exige respeto a EU<\/p>\n\n\n\n<p>flecha derecha<\/p>\n\n\n\n<p>En el comunicado de su gobierno, Claudia Sheinbaum enlist\u00f3 las acciones que llevan a cabo funcionarios mexicanos: \u201cVamos a ocupar todos los canales diplom\u00e1ticos disponibles para expresar su inconformidad con pr\u00e1cticas que criminalizan la migraci\u00f3n\u201d, sentenci\u00f3.<\/p>\n\n\n\n<p>Inform\u00f3 tambi\u00e9n que a trav\u00e9s de la red consular de M\u00e9xico en Estados Unidos se activaron todos los mecanismos de protecci\u00f3n para la ciudadan\u00eda nacional que radique en el pa\u00eds vecino del norte.<\/p>\n\n\n\n<p>Trump militariza Los \u00c1ngeles; M\u00e9xico activa protecci\u00f3n consular<br>Fueron dos mil efectivos de la Guardia Nacional estadunidense a la ciudad de Los \u00c1ngeles \u2014enviadas por Donald Trump\u2014 las que iniciaron un conflicto institucional entre los gobiernos federal y estatal y adem\u00e1s multiplic\u00f3 las redadas migratorias.<\/p>\n\n\n\n<p>Estas redadas incrementaron las manifestaciones en contra, algunas protagonizadas por comunidades latinas, que terminaron en confrontaciones directas entre los grupos civiles y armados.<\/p>\n\n\n\n<p>Desde el viernes y hasta hoy, al menos 56 personas fueron detenidas durante las protestas contra las redadas ocurridas principalmente en el centro de Los \u00c1ngeles y las inmediaciones del Centro de Detenci\u00f3n Metropolitana.<\/p>\n\n\n\n<p>La Polic\u00eda de Los \u00c1ngeles (LAPD) declar\u00f3 la zona como asamblea ilegal y dispers\u00f3 con antimotines a manifestantes que bloqueaban v\u00edas y ondeaban banderas mexicanas. Dos periodistas \u2014la australiana Lauren Tomasi y el brit\u00e1nico Nick Stern\u2014 resultaron heridos por proyectiles no letales.<\/p>\n\n\n\n<p>\u201cMe alcanzaron en la pierna con una pelota de goma. El disparo fue directo\u201d, narr\u00f3 Tomasi desde el hospital para el canal 9News; \u201cPens\u00e9 que eran balas reales. Me desmay\u00e9 del dolor\u201d, declar\u00f3 Stern tras recibir el impacto de una granada de esponja en el muslo.<\/p>\n\n\n\n<p>M\u00e9xico activa red consular<br>Ante el riesgo para ciudadanos mexicanos el gobierno activ\u00f3 sus mecanismos de protecci\u00f3n consular. La Secretar\u00eda de Relaciones Exteriores (SRE) inform\u00f3 que ofrecen asesor\u00edas legales, asistencia humanitaria y acompa\u00f1amiento a connacionales detenidos en redadas.<\/p>\n\n\n\n<p>\u201cLa red consular de M\u00e9xico en Estados Unidos ha sido activada para brindar protecci\u00f3n a nuestros connacionales. Llamamos a manifestarse pac\u00edficamente\u201d, declar\u00f3 Carlos Gonz\u00e1lez Guti\u00e9rrez, c\u00f3nsul general mexicano en Los \u00c1ngeles.<\/p>\n\n\n\n<p>Trump endurece el discurso<br>Donald Trump calific\u00f3 a los manifestantes como turbas violentas e insurgentes. Advirti\u00f3 que Los \u00c1ngeles fue invadida por inmigrantes criminales y que orden\u00f3 a su gabinete tomar las medidas necesarias para liberar la urbe.<\/p>\n\n\n\n<p>La orden que no se consult\u00f3 con autoridades estatales fue condenada por el gobernador Gavin Newsom. Se\u00f1al\u00f3 que prepara una demanda federal por lo que calific\u00f3 como una intromisi\u00f3n sin precedentes.<\/p>\n\n\n\n<p>A la cr\u00edtica se sum\u00f3 la vicegobernadora de California, Eleni Kounalakis, y el senador Bernie Sanders, quienes advirtieron que la medida erosiona la Constituci\u00f3n y el Estado de Derecho.<\/p>\n\n\n\n<p>Amenazas legales y tensi\u00f3n militar<br>El secretario de Defensa, Pete Hegseth, y el zar de la frontera, Tom Homan, respaldaron el uso de la Guardia contra manifestantes. Este \u00faltimo amenaz\u00f3 con acciones penales contra autoridades de California si impiden la ejecuci\u00f3n de \u00f3rdenes federales de deportaci\u00f3n.<\/p>\n\n\n\n<p>Tambi\u00e9n informaron sobre la activaci\u00f3n de la alerta m\u00e1xima en el batall\u00f3n de marines del campamento Pendleton, en San Diego.<\/p>\n\n\n\n<p>El despliegue militar ha sido interpretado como un preludio a una eventual invocaci\u00f3n de la Ley de Insurrecci\u00f3n (Insurrection Act) que permite el uso del ej\u00e9rcito para controlar protestas civiles.<\/p>\n","protected":false},"excerpt":{"rendered":"<p>Sobre las protestas en Los \u00c1ngeles por ciudadanos de origen mexicano contra redadas de agentes migratorios estadunidenses con el objetivo de deportar a quienes les parezcan sospechosos, la presidenta Claudia Sheinbaum pidi\u00f3 a los connacionales no caer en provocaciones. Si bien la mandataria federal rechaz\u00f3 las pr\u00e1cticas del gobierno de Donald Trump y asegur\u00f3 son [&hellip;]<\/p>\n","protected":false},"author":4,"featured_media":63457,"comment_status":"open","ping_status":"open","sticky":false,"template":"","format":"standard","meta":{"om_disable_all_campaigns":false,"_monsterinsights_skip_tracking":false,"_monsterinsights_sitenote_active":false,"_monsterinsights_sitenote_note":"","_monsterinsights_sitenote_category":0,"footnotes":""},"categories":[175],"tags":[223],"class_list":["post-63456","post","type-post","status-publish","format-standard","has-post-thumbnail","hentry","category-local","tag-puebla"],"amp_enabled":true,"_links":{"self":[{"href":"https:\/\/lahora.mx\/index.php\/wp-json\/wp\/v2\/posts\/63456","targetHints":{"allow":["GET"]}}],"collection":[{"href":"https:\/\/lahora.mx\/index.php\/wp-json\/wp\/v2\/posts"}],"about":[{"href":"https:\/\/lahora.mx\/index.php\/wp-json\/wp\/v2\/types\/post"}],"author":[{"embeddable":true,"href":"https:\/\/lahora.mx\/index.php\/wp-json\/wp\/v2\/users\/4"}],"replies":[{"embeddable":true,"href":"https:\/\/lahora.mx\/index.php\/wp-json\/wp\/v2\/comments?post=63456"}],"version-history":[{"count":1,"href":"https:\/\/lahora.mx\/index.php\/wp-json\/wp\/v2\/posts\/63456\/revisions"}],"predecessor-version":[{"id":63458,"href":"https:\/\/lahora.mx\/index.php\/wp-json\/wp\/v2\/posts\/63456\/revisions\/63458"}],"wp:featuredmedia":[{"embeddable":true,"href":"https:\/\/lahora.mx\/index.php\/wp-json\/wp\/v2\/media\/63457"}],"wp:attachment":[{"href":"https:\/\/lahora.mx\/index.php\/wp-json\/wp\/v2\/media?parent=63456"}],"wp:term":[{"taxonomy":"category","embeddable":true,"href":"https:\/\/lahora.mx\/index.php\/wp-json\/wp\/v2\/categories?post=63456"},{"taxonomy":"post_tag","embeddable":true,"href":"https:\/\/lahora.mx\/index.php\/wp-json\/wp\/v2\/tags?post=63456"}],"curies":[{"name":"wp","href":"https:\/\/api.w.org\/{rel}","templated":true}]}}