{"id":63453,"date":"2025-06-09T16:05:09","date_gmt":"2025-06-09T16:05:09","guid":{"rendered":"https:\/\/lahora.mx\/?p=63453"},"modified":"2025-06-09T16:05:10","modified_gmt":"2025-06-09T16:05:10","slug":"vuelca-camioneta-con-comerciantes-en-coxcatlan-mueren-dos-personas","status":"publish","type":"post","link":"https:\/\/lahora.mx\/index.php\/2025\/06\/09\/vuelca-camioneta-con-comerciantes-en-coxcatlan-mueren-dos-personas\/","title":{"rendered":"Vuelca camioneta con comerciantes en Coxcatl\u00e1n; mueren dos personas"},"content":{"rendered":"\n<p>Una camioneta con al menos 10 tripulantes cay\u00f3 a un barranco sobre la carretera estatal Zoquitl\u00e1n\u2013Coxcatl\u00e1n, a la altura de la comunidad de Pala, lo que dej\u00f3 como saldo dos personas fallecidas y nueve lesionadas.<\/p>\n\n\n\n<p>El accidente ocurri\u00f3 alrededor de las 20:00 horas del domingo, cuando la unidad, una camioneta tipo estaquitas, circulaba por el tramo mencionado y, aparentemente, sufri\u00f3 una falla mec\u00e1nica, lo que provoc\u00f3 que se precipitara al fondo del barranco.<\/p>\n\n\n\n<p>Automovilistas que transitaban por el lugar alertaron a los cuerpos de emergencia, por lo que al sitio acudieron T\u00e9cnicos en Urgencias M\u00e9dicas (TUM), as\u00ed como personal del Sistema de Urgencias M\u00e9dicas Avanzadas (SUMA) y de Cruz \u00c1mbar de Coxcatl\u00e1n.<\/p>\n\n\n\n<p>De acuerdo con informaci\u00f3n del ayuntamiento de Coxcatl\u00e1n, los ocupantes de la unidad eran comerciantes originarios de la comunidad de Tecoltepec, quienes regresaban de la plaza de Ajalpan tras concluir su jornada laboral.<\/p>\n\n\n\n<p>Durante las labores de auxilio se logr\u00f3 rescatar con vida a nueve personas, quienes fueron estabilizadas y trasladadas a centros m\u00e9dicos. Dos m\u00e1s perdieron la vida en el lugar del accidente.<\/p>\n","protected":false},"excerpt":{"rendered":"<p>Una camioneta con al menos 10 tripulantes cay\u00f3 a un barranco sobre la carretera estatal Zoquitl\u00e1n\u2013Coxcatl\u00e1n, a la altura de la comunidad de Pala, lo que dej\u00f3 como saldo dos personas fallecidas y nueve lesionadas. El accidente ocurri\u00f3 alrededor de las 20:00 horas del domingo, cuando la unidad, una camioneta tipo estaquitas, circulaba por el [&hellip;]<\/p>\n","protected":false},"author":4,"featured_media":63454,"comment_status":"open","ping_status":"open","sticky":false,"template":"","format":"standard","meta":{"om_disable_all_campaigns":false,"_monsterinsights_skip_tracking":false,"_monsterinsights_sitenote_active":false,"_monsterinsights_sitenote_note":"","_monsterinsights_sitenote_category":0,"footnotes":""},"categories":[175,226],"tags":[223],"class_list":["post-63453","post","type-post","status-publish","format-standard","has-post-thumbnail","hentry","category-local","category-policia","tag-puebla"],"amp_enabled":true,"_links":{"self":[{"href":"https:\/\/lahora.mx\/index.php\/wp-json\/wp\/v2\/posts\/63453","targetHints":{"allow":["GET"]}}],"collection":[{"href":"https:\/\/lahora.mx\/index.php\/wp-json\/wp\/v2\/posts"}],"about":[{"href":"https:\/\/lahora.mx\/index.php\/wp-json\/wp\/v2\/types\/post"}],"author":[{"embeddable":true,"href":"https:\/\/lahora.mx\/index.php\/wp-json\/wp\/v2\/users\/4"}],"replies":[{"embeddable":true,"href":"https:\/\/lahora.mx\/index.php\/wp-json\/wp\/v2\/comments?post=63453"}],"version-history":[{"count":1,"href":"https:\/\/lahora.mx\/index.php\/wp-json\/wp\/v2\/posts\/63453\/revisions"}],"predecessor-version":[{"id":63455,"href":"https:\/\/lahora.mx\/index.php\/wp-json\/wp\/v2\/posts\/63453\/revisions\/63455"}],"wp:featuredmedia":[{"embeddable":true,"href":"https:\/\/lahora.mx\/index.php\/wp-json\/wp\/v2\/media\/63454"}],"wp:attachment":[{"href":"https:\/\/lahora.mx\/index.php\/wp-json\/wp\/v2\/media?parent=63453"}],"wp:term":[{"taxonomy":"category","embeddable":true,"href":"https:\/\/lahora.mx\/index.php\/wp-json\/wp\/v2\/categories?post=63453"},{"taxonomy":"post_tag","embeddable":true,"href":"https:\/\/lahora.mx\/index.php\/wp-json\/wp\/v2\/tags?post=63453"}],"curies":[{"name":"wp","href":"https:\/\/api.w.org\/{rel}","templated":true}]}}