{"id":63447,"date":"2025-06-09T03:52:01","date_gmt":"2025-06-09T03:52:01","guid":{"rendered":"https:\/\/lahora.mx\/?p=63447"},"modified":"2025-06-09T03:52:01","modified_gmt":"2025-06-09T03:52:01","slug":"entrega-el-gobernador-armenta-a-sheinbaum-carpeta-con-avances-de-compromisos-de-campana","status":"publish","type":"post","link":"https:\/\/lahora.mx\/index.php\/2025\/06\/09\/entrega-el-gobernador-armenta-a-sheinbaum-carpeta-con-avances-de-compromisos-de-campana\/","title":{"rendered":"Entrega el gobernador Armenta a Sheinbaum carpeta con avances de compromisos de campa\u00f1a"},"content":{"rendered":"\n<p>El gobernador del estado de Puebla, Alejandro Armenta Mier, entreg\u00f3 a la presidenta Claudia Sheinbaum Pardo, una carpeta con los avances de todos los compromisos que hizo en su campa\u00f1a a la gubernatura.<br><br>Tras concluir con la inauguraci\u00f3n de las nuevas torres en el Hospital de la Ni\u00f1ez Poblana, el mandatario poblano declar\u00f3 a los medios de comunicaci\u00f3n, que pudo dialogar con la titular del Ejecutivo sobre sus proyectos.<\/p>\n\n\n\n<p>\u00abLe entregu\u00e9 una carpeta donde van todos los avances de los compromisos de campa\u00f1a y todo, en todo, totalmente bajo la directriz de nuestra presidenta\u00bb, declar\u00f3.<\/p>\n\n\n\n<p>Hizo \u00e9nfasis en que la inversi\u00f3n de 915 millones del gobierno federal a la ampliaci\u00f3n del nosocomio, fue para dar soluciones para poder salvar vida a trav\u00e9s de este inmueble de alta tecnolog\u00eda.<\/p>\n\n\n\n<p>A la par, reiter\u00f3 que se le debe de dar la validez que corresponde, dado que se encuentra en la misma calidad de muchas unidades m\u00e9dicas en la Ciudad de M\u00e9xico.<\/p>\n\n\n\n<p>Es importante mencionar, que en d\u00edas recientes se habl\u00f3 sobre la instalaci\u00f3n del cableb\u00fas en el estado de Puebla, el cual se trabaja de la mano del Instituto Nacional de Antropolog\u00eda e Historia (INAH).<\/p>\n\n\n\n<p>Junto al gobierno federal, la entidad poblana tambi\u00e9n colabora en macroproyectos como la carretera Intermixteca y la ruta de trenes como el de la Ciudad de M\u00e9xico-Puebla-Veracruz.<\/p>\n","protected":false},"excerpt":{"rendered":"<p>El gobernador del estado de Puebla, Alejandro Armenta Mier, entreg\u00f3 a la presidenta Claudia Sheinbaum Pardo, una carpeta con los avances de todos los compromisos que hizo en su campa\u00f1a a la gubernatura. Tras concluir con la inauguraci\u00f3n de las nuevas torres en el Hospital de la Ni\u00f1ez Poblana, el mandatario poblano declar\u00f3 a los [&hellip;]<\/p>\n","protected":false},"author":4,"featured_media":63448,"comment_status":"open","ping_status":"open","sticky":false,"template":"","format":"standard","meta":{"om_disable_all_campaigns":false,"_monsterinsights_skip_tracking":false,"_monsterinsights_sitenote_active":false,"_monsterinsights_sitenote_note":"","_monsterinsights_sitenote_category":0,"footnotes":""},"categories":[175],"tags":[239,195,223],"class_list":["post-63447","post","type-post","status-publish","format-standard","has-post-thumbnail","hentry","category-local","tag-gobierno","tag-principal","tag-puebla"],"amp_enabled":true,"_links":{"self":[{"href":"https:\/\/lahora.mx\/index.php\/wp-json\/wp\/v2\/posts\/63447","targetHints":{"allow":["GET"]}}],"collection":[{"href":"https:\/\/lahora.mx\/index.php\/wp-json\/wp\/v2\/posts"}],"about":[{"href":"https:\/\/lahora.mx\/index.php\/wp-json\/wp\/v2\/types\/post"}],"author":[{"embeddable":true,"href":"https:\/\/lahora.mx\/index.php\/wp-json\/wp\/v2\/users\/4"}],"replies":[{"embeddable":true,"href":"https:\/\/lahora.mx\/index.php\/wp-json\/wp\/v2\/comments?post=63447"}],"version-history":[{"count":1,"href":"https:\/\/lahora.mx\/index.php\/wp-json\/wp\/v2\/posts\/63447\/revisions"}],"predecessor-version":[{"id":63449,"href":"https:\/\/lahora.mx\/index.php\/wp-json\/wp\/v2\/posts\/63447\/revisions\/63449"}],"wp:featuredmedia":[{"embeddable":true,"href":"https:\/\/lahora.mx\/index.php\/wp-json\/wp\/v2\/media\/63448"}],"wp:attachment":[{"href":"https:\/\/lahora.mx\/index.php\/wp-json\/wp\/v2\/media?parent=63447"}],"wp:term":[{"taxonomy":"category","embeddable":true,"href":"https:\/\/lahora.mx\/index.php\/wp-json\/wp\/v2\/categories?post=63447"},{"taxonomy":"post_tag","embeddable":true,"href":"https:\/\/lahora.mx\/index.php\/wp-json\/wp\/v2\/tags?post=63447"}],"curies":[{"name":"wp","href":"https:\/\/api.w.org\/{rel}","templated":true}]}}