{"id":63438,"date":"2025-06-09T03:36:49","date_gmt":"2025-06-09T03:36:49","guid":{"rendered":"https:\/\/lahora.mx\/?p=63438"},"modified":"2025-06-09T03:36:50","modified_gmt":"2025-06-09T03:36:50","slug":"autoridades-de-puebla-buscan-cerrar-bares-cercanos-a-universidades","status":"publish","type":"post","link":"https:\/\/lahora.mx\/index.php\/2025\/06\/09\/autoridades-de-puebla-buscan-cerrar-bares-cercanos-a-universidades\/","title":{"rendered":"Autoridades de Puebla buscan cerrar bares cercanos a universidades"},"content":{"rendered":"\n<p>El gobierno municipal de Puebla ha anunciado una iniciativa para clausurar bares y antros que operan en las cercan\u00edas de la Ciudad Universitaria de la BUAP y otras instituciones educativas. La medida tiene como objetivo proteger el bienestar de los estudiantes, de acuerdo con declaraciones de Germ\u00e1n Jim\u00e9nez Garc\u00eda, director de Normatividad y Regulaci\u00f3n Comercial.<br><br>Siguiendo instrucciones del presidente municipal Jos\u00e9 Chedraui Budib, la administraci\u00f3n capitalina contempla el cierre definitivo de estos establecimientos por su proximidad a centros educativos. El funcionario mencion\u00f3 que se est\u00e1 evaluando un marco jur\u00eddico que permita restringir legalmente este tipo de negocios en zonas escolares.<\/p>\n\n\n\n<p>Jim\u00e9nez Garc\u00eda inform\u00f3 que en los pr\u00f3ximos d\u00edas se comenzar\u00e1 a notificar a los propietarios de estos giros comerciales para que trasladen sus operaciones a otras \u00e1reas de la ciudad que no interfieran con la salud y seguridad de los estudiantes.<\/p>\n\n\n\n<p>Adem\u00e1s, se trabaja en un plan espec\u00edfico para facilitar la reubicaci\u00f3n de estos locales, en un intento por equilibrar el derecho al comercio con la responsabilidad social hacia la comunidad estudiantil. El funcionario subray\u00f3 que la medida tambi\u00e9n responde al descontento expresado por autoridades universitarias ante la cercan\u00eda de estos establecimientos con los recintos educativos.<br><br><\/p>\n","protected":false},"excerpt":{"rendered":"<p>El gobierno municipal de Puebla ha anunciado una iniciativa para clausurar bares y antros que operan en las cercan\u00edas de la Ciudad Universitaria de la BUAP y otras instituciones educativas. La medida tiene como objetivo proteger el bienestar de los estudiantes, de acuerdo con declaraciones de Germ\u00e1n Jim\u00e9nez Garc\u00eda, director de Normatividad y Regulaci\u00f3n Comercial. [&hellip;]<\/p>\n","protected":false},"author":4,"featured_media":63439,"comment_status":"open","ping_status":"open","sticky":false,"template":"","format":"standard","meta":{"om_disable_all_campaigns":false,"_monsterinsights_skip_tracking":false,"_monsterinsights_sitenote_active":false,"_monsterinsights_sitenote_note":"","_monsterinsights_sitenote_category":0,"footnotes":""},"categories":[175],"tags":[223],"class_list":["post-63438","post","type-post","status-publish","format-standard","has-post-thumbnail","hentry","category-local","tag-puebla"],"amp_enabled":true,"_links":{"self":[{"href":"https:\/\/lahora.mx\/index.php\/wp-json\/wp\/v2\/posts\/63438","targetHints":{"allow":["GET"]}}],"collection":[{"href":"https:\/\/lahora.mx\/index.php\/wp-json\/wp\/v2\/posts"}],"about":[{"href":"https:\/\/lahora.mx\/index.php\/wp-json\/wp\/v2\/types\/post"}],"author":[{"embeddable":true,"href":"https:\/\/lahora.mx\/index.php\/wp-json\/wp\/v2\/users\/4"}],"replies":[{"embeddable":true,"href":"https:\/\/lahora.mx\/index.php\/wp-json\/wp\/v2\/comments?post=63438"}],"version-history":[{"count":1,"href":"https:\/\/lahora.mx\/index.php\/wp-json\/wp\/v2\/posts\/63438\/revisions"}],"predecessor-version":[{"id":63440,"href":"https:\/\/lahora.mx\/index.php\/wp-json\/wp\/v2\/posts\/63438\/revisions\/63440"}],"wp:featuredmedia":[{"embeddable":true,"href":"https:\/\/lahora.mx\/index.php\/wp-json\/wp\/v2\/media\/63439"}],"wp:attachment":[{"href":"https:\/\/lahora.mx\/index.php\/wp-json\/wp\/v2\/media?parent=63438"}],"wp:term":[{"taxonomy":"category","embeddable":true,"href":"https:\/\/lahora.mx\/index.php\/wp-json\/wp\/v2\/categories?post=63438"},{"taxonomy":"post_tag","embeddable":true,"href":"https:\/\/lahora.mx\/index.php\/wp-json\/wp\/v2\/tags?post=63438"}],"curies":[{"name":"wp","href":"https:\/\/api.w.org\/{rel}","templated":true}]}}