{"id":63432,"date":"2025-06-08T21:43:05","date_gmt":"2025-06-08T21:43:05","guid":{"rendered":"https:\/\/lahora.mx\/?p=63432"},"modified":"2025-06-08T21:43:06","modified_gmt":"2025-06-08T21:43:06","slug":"smdif-impartira-taller-de-orientacion-vocacional-a-aspirantes-a-la-universidad","status":"publish","type":"post","link":"https:\/\/lahora.mx\/index.php\/2025\/06\/08\/smdif-impartira-taller-de-orientacion-vocacional-a-aspirantes-a-la-universidad\/","title":{"rendered":"SMDIF impartir\u00e1 taller de orientaci\u00f3n vocacional a aspirantes a la universidad"},"content":{"rendered":"\n<p>El Sistema Municipal DIF (SMDIF), a trav\u00e9s del Departamento de Psicosocial, contin\u00faa ampliando su oferta educativa de cursos con el taller de orientaci\u00f3n vocacional, pr\u00f3ximo a iniciar este martes 10 de junio en la Unidad M\u00e9dica Integral (UMI).<\/p>\n\n\n\n<p>El taller ser\u00e1 impartido por la psic\u00f3loga Aquetzaly Mota, con el objetivo de ayudar a los j\u00f3venes \u2014futuros universitarios\u2014 a tomar la mejor decisi\u00f3n en cuanto a la carrera profesional que desean estudiar.<\/p>\n\n\n\n<p>La intenci\u00f3n es que los usuarios reconozcan sus cualidades y habilidades, identifiquen sus intereses y decidan con base en el autoconocimiento, y no s\u00f3lo por consejos y recomendaciones de pap\u00e1s, amigos o personas cercanas.<\/p>\n\n\n\n<p>\u201cLa finalidad de este taller es que en cada sesi\u00f3n ustedes tomen el tema, pero tambi\u00e9n va acompa\u00f1ado de tests de orientaci\u00f3n, y al finalizar tengan un portafolio que incluye autoconocimiento, pero tambi\u00e9n el \u00e1rea en la que yo quiero especializarme\u201d, expres\u00f3 la especialista en salud mental.<\/p>\n\n\n\n<p>El taller de orientaci\u00f3n vocacional se llevar\u00e1 a cabo todos los martes y jueves a partir del 10 de junio, durante seis sesiones, en un horario de 14:30 a 15:30 horas, en la UMI ubicada en San Baltazar Campeche. Est\u00e1 dirigido a adolescentes y adultos que quieran seguir estudiando, pero a\u00fan no se sientan seguros de la decisi\u00f3n que van a tomar.<\/p>\n\n\n\n<p>Cabe se\u00f1alar que el taller de orientaci\u00f3n vocacional no s\u00f3lo desarrolla las habilidades y fortalezas de la persona, tambi\u00e9n la gu\u00eda a partir de la oferta educativa universitaria que hay en la capital poblana.<\/p>\n","protected":false},"excerpt":{"rendered":"<p>El Sistema Municipal DIF (SMDIF), a trav\u00e9s del Departamento de Psicosocial, contin\u00faa ampliando su oferta educativa de cursos con el taller de orientaci\u00f3n vocacional, pr\u00f3ximo a iniciar este martes 10 de junio en la Unidad M\u00e9dica Integral (UMI). El taller ser\u00e1 impartido por la psic\u00f3loga Aquetzaly Mota, con el objetivo de ayudar a los j\u00f3venes [&hellip;]<\/p>\n","protected":false},"author":4,"featured_media":63433,"comment_status":"open","ping_status":"open","sticky":false,"template":"","format":"standard","meta":{"om_disable_all_campaigns":false,"_monsterinsights_skip_tracking":false,"_monsterinsights_sitenote_active":false,"_monsterinsights_sitenote_note":"","_monsterinsights_sitenote_category":0,"footnotes":""},"categories":[175],"tags":[223],"class_list":["post-63432","post","type-post","status-publish","format-standard","has-post-thumbnail","hentry","category-local","tag-puebla"],"amp_enabled":true,"_links":{"self":[{"href":"https:\/\/lahora.mx\/index.php\/wp-json\/wp\/v2\/posts\/63432","targetHints":{"allow":["GET"]}}],"collection":[{"href":"https:\/\/lahora.mx\/index.php\/wp-json\/wp\/v2\/posts"}],"about":[{"href":"https:\/\/lahora.mx\/index.php\/wp-json\/wp\/v2\/types\/post"}],"author":[{"embeddable":true,"href":"https:\/\/lahora.mx\/index.php\/wp-json\/wp\/v2\/users\/4"}],"replies":[{"embeddable":true,"href":"https:\/\/lahora.mx\/index.php\/wp-json\/wp\/v2\/comments?post=63432"}],"version-history":[{"count":1,"href":"https:\/\/lahora.mx\/index.php\/wp-json\/wp\/v2\/posts\/63432\/revisions"}],"predecessor-version":[{"id":63434,"href":"https:\/\/lahora.mx\/index.php\/wp-json\/wp\/v2\/posts\/63432\/revisions\/63434"}],"wp:featuredmedia":[{"embeddable":true,"href":"https:\/\/lahora.mx\/index.php\/wp-json\/wp\/v2\/media\/63433"}],"wp:attachment":[{"href":"https:\/\/lahora.mx\/index.php\/wp-json\/wp\/v2\/media?parent=63432"}],"wp:term":[{"taxonomy":"category","embeddable":true,"href":"https:\/\/lahora.mx\/index.php\/wp-json\/wp\/v2\/categories?post=63432"},{"taxonomy":"post_tag","embeddable":true,"href":"https:\/\/lahora.mx\/index.php\/wp-json\/wp\/v2\/tags?post=63432"}],"curies":[{"name":"wp","href":"https:\/\/api.w.org\/{rel}","templated":true}]}}