{"id":63426,"date":"2025-06-08T21:32:25","date_gmt":"2025-06-08T21:32:25","guid":{"rendered":"https:\/\/lahora.mx\/?p=63426"},"modified":"2025-06-08T21:32:26","modified_gmt":"2025-06-08T21:32:26","slug":"claudia-sheinbaum-promete-resolver-basificacion-pendiente-en-imss-bienestar","status":"publish","type":"post","link":"https:\/\/lahora.mx\/index.php\/2025\/06\/08\/claudia-sheinbaum-promete-resolver-basificacion-pendiente-en-imss-bienestar\/","title":{"rendered":"Claudia Sheinbaum promete resolver basificaci\u00f3n pendiente en IMSS-Bienestar"},"content":{"rendered":"\n<p>La presidenta Claudia Sheinbaum visit\u00f3 el estado de Puebla para la inauguraci\u00f3n de las Torres de Cardiolog\u00eda y Oncolog\u00eda pedi\u00e1trico en el Hospital de la Ni\u00f1ez Poblana, as\u00ed como evaluar el avance del IMSS-Bienestar en la entidad.<\/p>\n\n\n\n<p>En el evento, un grupo de personas exigi\u00f3 a la titular del Ejecutivo federal su intervenci\u00f3n para regular el n\u00famero de plazas que est\u00e1n pendientes en el IMSS-Bienestar.<\/p>\n\n\n\n<p>Este domingo encabez\u00f3 este evento en el nosocomio ubicado a un costado del Bulevar del Ni\u00f1o Poblano, en San Andr\u00e9s Cholula, acompa\u00f1ada del gobernador Alejandro Armenta y autoridades federales como el secretario de Salud, David Kershenobich y el director general del IMSS-Bienestar, Alejandro Svarch P\u00e9rez.<\/p>\n\n\n\n<p>Durante la presentaci\u00f3n del proyecto, el director del IMSS-Bienestar, Alejandro Svarch, explic\u00f3 que la construcci\u00f3n de estas torres tuvo una inversi\u00f3n de m\u00e1s de 915 millones de pesos, de los cuales 880 millones de pesos fueron para la obra y m\u00e1s de 40 para equipamiento.<\/p>\n\n\n\n<p>Resalt\u00f3 que se proyecta que este espacio pueda atender a m\u00e1s de 1.5 millones de ni\u00f1as, ni\u00f1os y adolescentes, adem\u00e1s de incrementar el n\u00famero de consultas en 200 por ciento y el n\u00famero de cirug\u00edas de coraz\u00f3n en 145 por ciento, adem\u00e1s de expansi\u00f3n en otros rubros como:<\/p>\n\n\n\n<p>142 camas censables<br>145 camas no censables<br>52 consultorios<br>7 quir\u00f3fanos<br>Mil trabajadores<br>Durante su intervenci\u00f3n, la presidenta Claudia Sheinbaum resalt\u00f3 el equipamiento del Hospital de la Ni\u00f1ez Poblana que, afirm\u00f3, est\u00e1 a la altura de otros hospitales en el mundo.<\/p>\n\n\n\n<p>\u00abEl d\u00eda de hoy es un d\u00eda muy bueno que hay que celebrar, porque f\u00edjense, estamos inaugurando dos torres en este Hospital de la Ni\u00f1ez, cuya construcci\u00f3n inici\u00f3 hace m\u00e1s o menos un a\u00f1o y que si ustedes tienen oportunidad de verlo, vamos a subir todos los videos, es un hospital que no le pide nada a ning\u00fan hospital del mundo\u00bb, coment\u00f3.<\/p>\n\n\n\n<p>Exigen a Claudia Sheinbaum basificaci\u00f3n en el IMSS-Bienestar<br>Asimismo, indic\u00f3 que adem\u00e1s de su visita para la inauguraci\u00f3n de esta nueva infraestructura m\u00e9dica, tambi\u00e9n se deb\u00eda a la supervisi\u00f3n del avance del programa del IMSS-Bienestar en Puebla, para atender las deficiencias que pudiera tener.<\/p>\n\n\n\n<p>Mientras explicaba, esto un sector del p\u00fablico grit\u00f3: \u00ab\u00a1Basificaci\u00f3n, basificaci\u00f3n!\u00bb, para pedirle su intervenci\u00f3n para regular el n\u00famero de plazas que est\u00e1n pendientes en el IMSS- Bienestar, a lo cual la presidenta Claudia Sheinbaum se comprometi\u00f3 a resolver.<\/p>\n\n\n\n<p>\u00abEstamos resolviendo un trabajo muy intensivo con el IMSS-Bienestar (\u2026) el objetivo es por su puesto regularizar todas las plazas que todav\u00eda nos quedan pendientes para que sean integradas al IMSS-Bienestar y para eso estamos haciendo un trabajo con mucho detalle y mucha coordinaci\u00f3n\u00bb, coment\u00f3.<\/p>\n\n\n\n<p>De igual manera, en este evento tambi\u00e9n aprovech\u00f3 para la presentaci\u00f3n del programa federal Salud Casa por Casa para atender a adultos mayores y personas con discapacidad en sus hogares, por lo que se contrataron a 20 mil trabajadores del sector salud en el pa\u00eds para esta tarea.<\/p>\n","protected":false},"excerpt":{"rendered":"<p>La presidenta Claudia Sheinbaum visit\u00f3 el estado de Puebla para la inauguraci\u00f3n de las Torres de Cardiolog\u00eda y Oncolog\u00eda pedi\u00e1trico en el Hospital de la Ni\u00f1ez Poblana, as\u00ed como evaluar el avance del IMSS-Bienestar en la entidad. En el evento, un grupo de personas exigi\u00f3 a la titular del Ejecutivo federal su intervenci\u00f3n para regular [&hellip;]<\/p>\n","protected":false},"author":4,"featured_media":63427,"comment_status":"open","ping_status":"open","sticky":false,"template":"","format":"standard","meta":{"om_disable_all_campaigns":false,"_monsterinsights_skip_tracking":false,"_monsterinsights_sitenote_active":false,"_monsterinsights_sitenote_note":"","_monsterinsights_sitenote_category":0,"footnotes":""},"categories":[175],"tags":[195,223],"class_list":["post-63426","post","type-post","status-publish","format-standard","has-post-thumbnail","hentry","category-local","tag-principal","tag-puebla"],"amp_enabled":true,"_links":{"self":[{"href":"https:\/\/lahora.mx\/index.php\/wp-json\/wp\/v2\/posts\/63426","targetHints":{"allow":["GET"]}}],"collection":[{"href":"https:\/\/lahora.mx\/index.php\/wp-json\/wp\/v2\/posts"}],"about":[{"href":"https:\/\/lahora.mx\/index.php\/wp-json\/wp\/v2\/types\/post"}],"author":[{"embeddable":true,"href":"https:\/\/lahora.mx\/index.php\/wp-json\/wp\/v2\/users\/4"}],"replies":[{"embeddable":true,"href":"https:\/\/lahora.mx\/index.php\/wp-json\/wp\/v2\/comments?post=63426"}],"version-history":[{"count":1,"href":"https:\/\/lahora.mx\/index.php\/wp-json\/wp\/v2\/posts\/63426\/revisions"}],"predecessor-version":[{"id":63428,"href":"https:\/\/lahora.mx\/index.php\/wp-json\/wp\/v2\/posts\/63426\/revisions\/63428"}],"wp:featuredmedia":[{"embeddable":true,"href":"https:\/\/lahora.mx\/index.php\/wp-json\/wp\/v2\/media\/63427"}],"wp:attachment":[{"href":"https:\/\/lahora.mx\/index.php\/wp-json\/wp\/v2\/media?parent=63426"}],"wp:term":[{"taxonomy":"category","embeddable":true,"href":"https:\/\/lahora.mx\/index.php\/wp-json\/wp\/v2\/categories?post=63426"},{"taxonomy":"post_tag","embeddable":true,"href":"https:\/\/lahora.mx\/index.php\/wp-json\/wp\/v2\/tags?post=63426"}],"curies":[{"name":"wp","href":"https:\/\/api.w.org\/{rel}","templated":true}]}}