{"id":63410,"date":"2025-06-08T17:05:57","date_gmt":"2025-06-08T17:05:57","guid":{"rendered":"https:\/\/lahora.mx\/?p=63410"},"modified":"2025-06-08T17:05:58","modified_gmt":"2025-06-08T17:05:58","slug":"en-menos-de-48-horas-reparan-luminarias-en-san-pedro-cholula","status":"publish","type":"post","link":"https:\/\/lahora.mx\/index.php\/2025\/06\/08\/en-menos-de-48-horas-reparan-luminarias-en-san-pedro-cholula\/","title":{"rendered":"En menos de 48 horas reparan luminarias en San Pedro Cholula"},"content":{"rendered":"\n<p>El director de servicios p\u00fablicos en el municipio de San Pedro Cholula, Irving Su\u00e1rez. dio a conocer que a un mes de tomar el cargo ha dado atenci\u00f3n y seguimiento a cada una de las peticiones y en menos de 48 horas se da soluci\u00f3n a los reportes de alumbrado p\u00fablico.<\/p>\n\n\n\n<p>El funcionario municipal detall\u00f3 que la respuesta ha sido inmediata y eso es algo que los ciudadanos agradecen, sobre todo en el tema de alumbrado p\u00fablico donde se genera el reporte y de manera inmediata cuadrillas buscan evaluar el da\u00f1o y repararlo.<\/p>\n\n\n\n<p>Coment\u00f3 que con la lluvia estiman se incrementan los reportes ciudadanos debido a que la misma genera afectaciones, a la par de acciones de poda de \u00e1rboles, que ocupan el segundo lugar en reportes.<\/p>\n\n\n\n<p>Puntualiz\u00f3 que dan atenci\u00f3n a trav\u00e9s de redes sociales en Servicios P\u00fablicos, pero a la vez, en las jornadas de mi\u00e9rcoles ciudadanos se da pronta atenci\u00f3n a los habitantes, teniendo al menos dos cuadrillas dedicadas a la atenci\u00f3n.<\/p>\n\n\n\n<p>\u201cAl d\u00eda nos llegan entre 5 a 7 reportes diarios desde reparaci\u00f3n y mantenimiento, as\u00ed como en los recorridos que nosotros detectamos luminarias con fallos y les damos la atenci\u00f3n de manera inmediata, principalmente es un tema de fallo en fotoceldas\u201d.<\/p>\n\n\n\n<p>Mantente al tanto de todas las noticias de Puebla y el mundo. Haz clic aqu\u00ed para seguir explorando nuestro portal.<\/p>\n","protected":false},"excerpt":{"rendered":"<p>El director de servicios p\u00fablicos en el municipio de San Pedro Cholula, Irving Su\u00e1rez. dio a conocer que a un mes de tomar el cargo ha dado atenci\u00f3n y seguimiento a cada una de las peticiones y en menos de 48 horas se da soluci\u00f3n a los reportes de alumbrado p\u00fablico. El funcionario municipal detall\u00f3 [&hellip;]<\/p>\n","protected":false},"author":4,"featured_media":63411,"comment_status":"open","ping_status":"open","sticky":false,"template":"","format":"standard","meta":{"om_disable_all_campaigns":false,"_monsterinsights_skip_tracking":false,"_monsterinsights_sitenote_active":false,"_monsterinsights_sitenote_note":"","_monsterinsights_sitenote_category":0,"footnotes":""},"categories":[175],"tags":[234,223],"class_list":["post-63410","post","type-post","status-publish","format-standard","has-post-thumbnail","hentry","category-local","tag-cholula","tag-puebla"],"amp_enabled":true,"_links":{"self":[{"href":"https:\/\/lahora.mx\/index.php\/wp-json\/wp\/v2\/posts\/63410","targetHints":{"allow":["GET"]}}],"collection":[{"href":"https:\/\/lahora.mx\/index.php\/wp-json\/wp\/v2\/posts"}],"about":[{"href":"https:\/\/lahora.mx\/index.php\/wp-json\/wp\/v2\/types\/post"}],"author":[{"embeddable":true,"href":"https:\/\/lahora.mx\/index.php\/wp-json\/wp\/v2\/users\/4"}],"replies":[{"embeddable":true,"href":"https:\/\/lahora.mx\/index.php\/wp-json\/wp\/v2\/comments?post=63410"}],"version-history":[{"count":1,"href":"https:\/\/lahora.mx\/index.php\/wp-json\/wp\/v2\/posts\/63410\/revisions"}],"predecessor-version":[{"id":63412,"href":"https:\/\/lahora.mx\/index.php\/wp-json\/wp\/v2\/posts\/63410\/revisions\/63412"}],"wp:featuredmedia":[{"embeddable":true,"href":"https:\/\/lahora.mx\/index.php\/wp-json\/wp\/v2\/media\/63411"}],"wp:attachment":[{"href":"https:\/\/lahora.mx\/index.php\/wp-json\/wp\/v2\/media?parent=63410"}],"wp:term":[{"taxonomy":"category","embeddable":true,"href":"https:\/\/lahora.mx\/index.php\/wp-json\/wp\/v2\/categories?post=63410"},{"taxonomy":"post_tag","embeddable":true,"href":"https:\/\/lahora.mx\/index.php\/wp-json\/wp\/v2\/tags?post=63410"}],"curies":[{"name":"wp","href":"https:\/\/api.w.org\/{rel}","templated":true}]}}