{"id":63407,"date":"2025-06-07T01:43:03","date_gmt":"2025-06-07T01:43:03","guid":{"rendered":"https:\/\/lahora.mx\/?p=63407"},"modified":"2025-06-07T01:43:04","modified_gmt":"2025-06-07T01:43:04","slug":"roberto-solis-encabeza-la-entrega-de-apoyos-para-la-transformacion-del-campo-poblano-a-productores-en-huejotzingo","status":"publish","type":"post","link":"https:\/\/lahora.mx\/index.php\/2025\/06\/07\/roberto-solis-encabeza-la-entrega-de-apoyos-para-la-transformacion-del-campo-poblano-a-productores-en-huejotzingo\/","title":{"rendered":"Roberto Sol\u00eds encabeza la Entrega de Apoyos para la Transformaci\u00f3n del Campo Poblano a productores en Huejotzingo"},"content":{"rendered":"\n<p>El presidente municipal de Huejotzingo, Roberto Sol\u00eds Valles, en conjunto con la Secretaria de Medio Ambiente del Estado de Puebla, Rebeca Ba\u00f1uelos Guadarrama, encabezaron la Entrega de Apoyos para la Transformaci\u00f3n del Campo Poblano a productores del Pueblo M\u00e1gico, as\u00ed como de la regi\u00f3n del Izta-Popo.<\/p>\n\n\n\n<p>Estas acciones fortalecen la productividad, promueven la autosuficiencia alimentaria y dignifican el trabajo de quienes viven del campo.<\/p>\n\n\n\n<p>El programa incluye la entrega de paquetes de insumos agr\u00edcolas integrados por fertilizantes, abonos org\u00e1nicos e inoculantes biol\u00f3gicos, dirigidos a impulsar la producci\u00f3n de granos b\u00e1sicos, frijol y sorgo.<\/p>\n\n\n\n<p>Con este esfuerzo conjunto, el Gobierno Municipal y Estatal reafirman su compromiso con el desarrollo sostenible del sector agr\u00edcola, impulsando el bienestar de las familias campesinas y contribuyendo al fortalecimiento de la econom\u00eda local y regional, para que Huejotzingo y la regi\u00f3n del Izta-Popo sigan siendo un pilar fundamental de la producci\u00f3n agr\u00edcola en Puebla.<\/p>\n","protected":false},"excerpt":{"rendered":"<p>El presidente municipal de Huejotzingo, Roberto Sol\u00eds Valles, en conjunto con la Secretaria de Medio Ambiente del Estado de Puebla, Rebeca Ba\u00f1uelos Guadarrama, encabezaron la Entrega de Apoyos para la Transformaci\u00f3n del Campo Poblano a productores del Pueblo M\u00e1gico, as\u00ed como de la regi\u00f3n del Izta-Popo. Estas acciones fortalecen la productividad, promueven la autosuficiencia alimentaria [&hellip;]<\/p>\n","protected":false},"author":4,"featured_media":63408,"comment_status":"open","ping_status":"open","sticky":false,"template":"","format":"standard","meta":{"om_disable_all_campaigns":false,"_monsterinsights_skip_tracking":false,"_monsterinsights_sitenote_active":false,"_monsterinsights_sitenote_note":"","_monsterinsights_sitenote_category":0,"footnotes":""},"categories":[175],"tags":[223],"class_list":["post-63407","post","type-post","status-publish","format-standard","has-post-thumbnail","hentry","category-local","tag-puebla"],"amp_enabled":true,"_links":{"self":[{"href":"https:\/\/lahora.mx\/index.php\/wp-json\/wp\/v2\/posts\/63407","targetHints":{"allow":["GET"]}}],"collection":[{"href":"https:\/\/lahora.mx\/index.php\/wp-json\/wp\/v2\/posts"}],"about":[{"href":"https:\/\/lahora.mx\/index.php\/wp-json\/wp\/v2\/types\/post"}],"author":[{"embeddable":true,"href":"https:\/\/lahora.mx\/index.php\/wp-json\/wp\/v2\/users\/4"}],"replies":[{"embeddable":true,"href":"https:\/\/lahora.mx\/index.php\/wp-json\/wp\/v2\/comments?post=63407"}],"version-history":[{"count":1,"href":"https:\/\/lahora.mx\/index.php\/wp-json\/wp\/v2\/posts\/63407\/revisions"}],"predecessor-version":[{"id":63409,"href":"https:\/\/lahora.mx\/index.php\/wp-json\/wp\/v2\/posts\/63407\/revisions\/63409"}],"wp:featuredmedia":[{"embeddable":true,"href":"https:\/\/lahora.mx\/index.php\/wp-json\/wp\/v2\/media\/63408"}],"wp:attachment":[{"href":"https:\/\/lahora.mx\/index.php\/wp-json\/wp\/v2\/media?parent=63407"}],"wp:term":[{"taxonomy":"category","embeddable":true,"href":"https:\/\/lahora.mx\/index.php\/wp-json\/wp\/v2\/categories?post=63407"},{"taxonomy":"post_tag","embeddable":true,"href":"https:\/\/lahora.mx\/index.php\/wp-json\/wp\/v2\/tags?post=63407"}],"curies":[{"name":"wp","href":"https:\/\/api.w.org\/{rel}","templated":true}]}}