{"id":63373,"date":"2025-06-05T22:50:25","date_gmt":"2025-06-05T22:50:25","guid":{"rendered":"https:\/\/lahora.mx\/?p=63373"},"modified":"2025-06-05T22:50:25","modified_gmt":"2025-06-05T22:50:25","slug":"gobierno-de-la-ciudad-anuncia-programa-para-reforestar-el-municipio","status":"publish","type":"post","link":"https:\/\/lahora.mx\/index.php\/2025\/06\/05\/gobierno-de-la-ciudad-anuncia-programa-para-reforestar-el-municipio\/","title":{"rendered":"Gobierno de la Ciudad anuncia programa para reforestar el municipio"},"content":{"rendered":"\n<p>El Gobierno de la Ciudad, encabezado por el presidente municipal, Pepe Chedraui, a trav\u00e9s de la Secretar\u00eda de Medio Ambiente, anunci\u00f3 el programa Ra\u00edces del Futuro, una iniciativa integral de arborizaci\u00f3n, forestaci\u00f3n y reforestaci\u00f3n estrat\u00e9gica en diversas zonas de la capital poblana.<\/p>\n\n\n\n<p>En el marco del D\u00eda Mundial del Medio Ambiente, el edil destac\u00f3 a la iniciativa como una acci\u00f3n estrat\u00e9gica para atender las necesidades ambientales del municipio, mediante proyectos orientados a garantizar servicios p\u00fablicos de calidad, promover el uso responsable de los recursos y fomentar una ciudadan\u00eda consciente.<\/p>\n\n\n\n<p>Gobierno de la Ciudad anuncia programa para reforestar el municipio<br>\u201cEs un orgullo asistir a la presentaci\u00f3n del ambicioso programa Ra\u00edces del Futuro, que nos permite fijar la ruta hacia una reforestaci\u00f3n sin precedentes en el municipio de Puebla. Frente al cambio clim\u00e1tico, es crucial la colaboraci\u00f3n y coordinaci\u00f3n entre autoridades, el sector educativo, el empresarial, el ambiental y la sociedad civil. Esto nos permitir\u00e1 aumentar las \u00e1reas verdes y con ello revertir efectos como la intensidad y duraci\u00f3n de fen\u00f3menos clim\u00e1ticos\u201d, enfatiz\u00f3.<\/p>\n\n\n\n<p>A su vez, el titular de la Secretar\u00eda de Medio Ambiente, Iv\u00e1n Herrera, explic\u00f3 que el objetivo general del programa es mejorar la calidad del aire, conservar los suelos, proteger las cuencas hidrogr\u00e1ficas y aumentar la superficie de \u00e1reas verdes por habitante, respondiendo as\u00ed a los efectos del cambio clim\u00e1tico y al crecimiento urbano acelerado.<\/p>\n\n\n\n<p>Asimismo, los beneficios esperados del programa contemplan la disminuci\u00f3n de las islas de calor en zonas urbanas, la recarga de mantos acu\u00edferos y absorci\u00f3n pluvial. Adem\u00e1s, se prev\u00e9 una mejor adaptaci\u00f3n de los \u00e1rboles al entorno local y un incremento en la tasa de supervivencia de las especies plantadas.<\/p>\n\n\n\n<p>Gobierno de la Ciudad anuncia programa para reforestar el municipio<br>Etapas del programa<br><\/p>\n\n\n\n<p>Diagn\u00f3stico y dise\u00f1o: an\u00e1lisis del tipo de suelo, microclima y especies nativas adecuadas para cada zona<br>Plantaci\u00f3n estrat\u00e9gica: de junio a septiembre, se plantar\u00e1n 80 mil \u00e1rboles en m\u00e1s de 60 hect\u00e1reas, incluyendo las juntas auxiliares de San Baltazar Tetela, San Miguel Canoa, Santa Mar\u00eda Xonacatepec, San Francisco Totimehuacan, La Resurrecci\u00f3n, San Andr\u00e9s Azumiatla, as\u00ed como los parques municipales Amalucan y El Ajolote<br>Arborizaci\u00f3n urbana: se intervendr\u00e1n espacios p\u00fablicos en zonas urbanas<br>Mantenimiento y seguimiento: Riegos peri\u00f3dicos y monitoreo para asegurar el crecimiento de los \u00e1rboles<br>Ra\u00edces del Futuro busca fomentar la participaci\u00f3n social mediante jornadas de plantaci\u00f3n comunitaria, involucrando a ejidos, asociaciones civiles, empresas, activistas y dependencias p\u00fablicas, fortaleciendo as\u00ed el sentido de pertenencia y cuidado del entorno.<\/p>\n\n\n\n<p>Entre las especies a plantar se encuentran sabino, encino, huaje, pino, mezquite, liquid\u00e1mbar, bugambilia, entre otras nativas del estado de Puebla.<\/p>\n","protected":false},"excerpt":{"rendered":"<p>El Gobierno de la Ciudad, encabezado por el presidente municipal, Pepe Chedraui, a trav\u00e9s de la Secretar\u00eda de Medio Ambiente, anunci\u00f3 el programa Ra\u00edces del Futuro, una iniciativa integral de arborizaci\u00f3n, forestaci\u00f3n y reforestaci\u00f3n estrat\u00e9gica en diversas zonas de la capital poblana. En el marco del D\u00eda Mundial del Medio Ambiente, el edil destac\u00f3 a [&hellip;]<\/p>\n","protected":false},"author":4,"featured_media":63374,"comment_status":"open","ping_status":"open","sticky":false,"template":"","format":"standard","meta":{"om_disable_all_campaigns":false,"_monsterinsights_skip_tracking":false,"_monsterinsights_sitenote_active":false,"_monsterinsights_sitenote_note":"","_monsterinsights_sitenote_category":0,"footnotes":""},"categories":[175],"tags":[239,223],"class_list":["post-63373","post","type-post","status-publish","format-standard","has-post-thumbnail","hentry","category-local","tag-gobierno","tag-puebla"],"amp_enabled":true,"_links":{"self":[{"href":"https:\/\/lahora.mx\/index.php\/wp-json\/wp\/v2\/posts\/63373","targetHints":{"allow":["GET"]}}],"collection":[{"href":"https:\/\/lahora.mx\/index.php\/wp-json\/wp\/v2\/posts"}],"about":[{"href":"https:\/\/lahora.mx\/index.php\/wp-json\/wp\/v2\/types\/post"}],"author":[{"embeddable":true,"href":"https:\/\/lahora.mx\/index.php\/wp-json\/wp\/v2\/users\/4"}],"replies":[{"embeddable":true,"href":"https:\/\/lahora.mx\/index.php\/wp-json\/wp\/v2\/comments?post=63373"}],"version-history":[{"count":1,"href":"https:\/\/lahora.mx\/index.php\/wp-json\/wp\/v2\/posts\/63373\/revisions"}],"predecessor-version":[{"id":63375,"href":"https:\/\/lahora.mx\/index.php\/wp-json\/wp\/v2\/posts\/63373\/revisions\/63375"}],"wp:featuredmedia":[{"embeddable":true,"href":"https:\/\/lahora.mx\/index.php\/wp-json\/wp\/v2\/media\/63374"}],"wp:attachment":[{"href":"https:\/\/lahora.mx\/index.php\/wp-json\/wp\/v2\/media?parent=63373"}],"wp:term":[{"taxonomy":"category","embeddable":true,"href":"https:\/\/lahora.mx\/index.php\/wp-json\/wp\/v2\/categories?post=63373"},{"taxonomy":"post_tag","embeddable":true,"href":"https:\/\/lahora.mx\/index.php\/wp-json\/wp\/v2\/tags?post=63373"}],"curies":[{"name":"wp","href":"https:\/\/api.w.org\/{rel}","templated":true}]}}