{"id":63367,"date":"2025-06-05T22:44:39","date_gmt":"2025-06-05T22:44:39","guid":{"rendered":"https:\/\/lahora.mx\/?p=63367"},"modified":"2025-06-05T22:44:39","modified_gmt":"2025-06-05T22:44:39","slug":"por-dia-mundial-del-medio-ambiente-en-cuautlancingo-se-celebra-el-primer-ecofest","status":"publish","type":"post","link":"https:\/\/lahora.mx\/index.php\/2025\/06\/05\/por-dia-mundial-del-medio-ambiente-en-cuautlancingo-se-celebra-el-primer-ecofest\/","title":{"rendered":"por \u201cD\u00eda Mundial del Medio Ambiente\u201d en Cuautlancingo se celebra el primer Ecofest"},"content":{"rendered":"\n<p>Omar Mu\u00f1oz, Presidente Municipal de Cuautlancingo, inaugur\u00f3 el primer festival \u201cEcofest\u201d, en el marco del \u201cD\u00eda Mundial del Medio Ambiente\u201d, cuyo objetivo es sensibilizar a los ciudadanos sobre la importancia de la gesti\u00f3n adecuada de residuos, el ahorro de agua, la reforestaci\u00f3n de \u00e1reas verdes y la reducci\u00f3n de la contaminaci\u00f3n.<\/p>\n\n\n\n<p>El edil puntualiz\u00f3 ante los asistentes que se debe atender urgentemente el tema del cuidado del medio ambiente para darle una vuelta trascendental.<br><br>\u201cNecesitamos hacer conciencia en la sociedad y para ello celebro que j\u00f3venes de diferentes instituciones del municipio nos acompa\u00f1en; hay un compromiso enorme y un gran reto con la separaci\u00f3n de los residuos s\u00f3lidos y por ello vamos a echar a andar un proyecto de separaci\u00f3n en varias etapas\u201d.<\/p>\n\n\n\n<p>El alcalde explic\u00f3 que la primera etapa ha consistido en adquirir contenedores que van a instalarse en varios puntos de la cabecera, en cada junta auxiliar e inspector\u00eda de la comunidad y que las etapas siguientes estar\u00e1n enfocadas en ense\u00f1ar a los habitantes a separar los residuos s\u00f3lidos y a depositar la basura en los contenedores.<\/p>\n\n\n\n<p>\u201cComo gobierno tenemos que incentivar que estos espacios, pol\u00edticas p\u00fablicas y programas se puedan acelerar en la localidad; gracias al atinado objetivo de la presidenta de la Rep\u00fablica, Claudia Sheinbaum, estamos en medio de un programa de saneamiento h\u00eddrico del R\u00edo Atoyac y el Gobernador Alejandro Armenta, aborda tambi\u00e9n este proyecto con mucha entereza y responsabilidad\u201d, dijo.<\/p>\n\n\n\n<p>\u201cNo se va a limpiar de la noche a la ma\u00f1ana pero no si no sentamos los precedentes de cambio y si la ruta al construir el segundo piso de la cuarta transformaci\u00f3n no contempla estos proyectos, las pr\u00f3ximas generaciones tendr\u00edan un futuro sin esperanza. Cuautlancingo es aliado del cuidado del medio ambiente y de los j\u00f3venes como hacedores del cambio; no vamos a abandonar estos proyectos y seremos un ejemplo a nivel estatal\u201d, finaliz\u00f3.<\/p>\n\n\n\n<p>En su intervenci\u00f3n, la Regidora de Medio Ambiente, Emma Ram\u00edrez Garc\u00eda, expres\u00f3 que el festival no s\u00f3lo es una fiesta ecol\u00f3gica sino una oportunidad para reflexionar sobre las acciones que se llevan a cabo diariamente como sociedad y c\u00f3mo impactan en nuestro entorno.<\/p>\n\n\n\n<p>\u201cCuautlancingo se llena de vida, conciencia y participaci\u00f3n ciudadana; proteger el planeta empieza desde lo local, desde nuestras calles y hogares y con nuestras decisiones cotidianas; que este evento nos inspire a seguir sembrando \u00e1rboles y separando residuos, porque tenemos la capacidad y la voluntad de ser un referente en la sustentabilidad; sigamos trabajando unidos por el cambio que empieza hoy\u201d.<\/p>\n","protected":false},"excerpt":{"rendered":"<p>Omar Mu\u00f1oz, Presidente Municipal de Cuautlancingo, inaugur\u00f3 el primer festival \u201cEcofest\u201d, en el marco del \u201cD\u00eda Mundial del Medio Ambiente\u201d, cuyo objetivo es sensibilizar a los ciudadanos sobre la importancia de la gesti\u00f3n adecuada de residuos, el ahorro de agua, la reforestaci\u00f3n de \u00e1reas verdes y la reducci\u00f3n de la contaminaci\u00f3n. El edil puntualiz\u00f3 ante [&hellip;]<\/p>\n","protected":false},"author":4,"featured_media":63368,"comment_status":"open","ping_status":"open","sticky":false,"template":"","format":"standard","meta":{"om_disable_all_campaigns":false,"_monsterinsights_skip_tracking":false,"_monsterinsights_sitenote_active":false,"_monsterinsights_sitenote_note":"","_monsterinsights_sitenote_category":0,"footnotes":""},"categories":[175],"tags":[223],"class_list":["post-63367","post","type-post","status-publish","format-standard","has-post-thumbnail","hentry","category-local","tag-puebla"],"amp_enabled":true,"_links":{"self":[{"href":"https:\/\/lahora.mx\/index.php\/wp-json\/wp\/v2\/posts\/63367","targetHints":{"allow":["GET"]}}],"collection":[{"href":"https:\/\/lahora.mx\/index.php\/wp-json\/wp\/v2\/posts"}],"about":[{"href":"https:\/\/lahora.mx\/index.php\/wp-json\/wp\/v2\/types\/post"}],"author":[{"embeddable":true,"href":"https:\/\/lahora.mx\/index.php\/wp-json\/wp\/v2\/users\/4"}],"replies":[{"embeddable":true,"href":"https:\/\/lahora.mx\/index.php\/wp-json\/wp\/v2\/comments?post=63367"}],"version-history":[{"count":1,"href":"https:\/\/lahora.mx\/index.php\/wp-json\/wp\/v2\/posts\/63367\/revisions"}],"predecessor-version":[{"id":63369,"href":"https:\/\/lahora.mx\/index.php\/wp-json\/wp\/v2\/posts\/63367\/revisions\/63369"}],"wp:featuredmedia":[{"embeddable":true,"href":"https:\/\/lahora.mx\/index.php\/wp-json\/wp\/v2\/media\/63368"}],"wp:attachment":[{"href":"https:\/\/lahora.mx\/index.php\/wp-json\/wp\/v2\/media?parent=63367"}],"wp:term":[{"taxonomy":"category","embeddable":true,"href":"https:\/\/lahora.mx\/index.php\/wp-json\/wp\/v2\/categories?post=63367"},{"taxonomy":"post_tag","embeddable":true,"href":"https:\/\/lahora.mx\/index.php\/wp-json\/wp\/v2\/tags?post=63367"}],"curies":[{"name":"wp","href":"https:\/\/api.w.org\/{rel}","templated":true}]}}