{"id":63360,"date":"2025-06-05T22:29:15","date_gmt":"2025-06-05T22:29:15","guid":{"rendered":"https:\/\/lahora.mx\/?p=63360"},"modified":"2025-06-05T22:29:15","modified_gmt":"2025-06-05T22:29:15","slug":"gobernador-armenta-instruye-a-anticorrupcion-retome-carpetas-de-investigacion-del-teleferico-museo-barroco-y-banco-accendo","status":"publish","type":"post","link":"https:\/\/lahora.mx\/index.php\/2025\/06\/05\/gobernador-armenta-instruye-a-anticorrupcion-retome-carpetas-de-investigacion-del-teleferico-museo-barroco-y-banco-accendo\/","title":{"rendered":"Gobernador Armenta instruye a Anticorrupci\u00f3n retome carpetas de investigaci\u00f3n del Telef\u00e9rico, Museo Barroco y Banco Accendo"},"content":{"rendered":"\n<p>El gobernador de Puebla, Alejandro Armenta, anunci\u00f3 la solicitud formal de una auditor\u00eda al proyecto del Telef\u00e9rico como parte de su compromiso con la transparencia, la rendici\u00f3n de cuentas y el buen gobierno. Adem\u00e1s, dijo que es una solicitud del pueblo que se investiguen las carpetas del Museo Barroco y de Banco Accendo con el fin de que se esclarezcan posibles actos de corrupci\u00f3n,<\/p>\n\n\n\n<p>Explic\u00f3 que pedir\u00e1 a la Secretar\u00eda de Finanzas, a la Secretar\u00eda de Buen Gobierno y a la Fiscal\u00eda, que inicien una auditor\u00eda, ya que si hay responsables, se debe actuar. \u201cYa basta de que sigan saqueando\u201d, sentenci\u00f3 Armenta. El gobernador enfatiz\u00f3 que obras con sobrecostos o motivaciones personales no tienen cabida en su administraci\u00f3n.<\/p>\n\n\n\n<p>\u201cA m\u00ed me dar\u00eda verg\u00fcenza poner mi nombre en un monumento, no somos emperadores. Puebla es lo que nos debe llenar de orgullo\u201d, agreg\u00f3.<\/p>\n\n\n\n<p>El gobernador Alejandro Armenta reiter\u00f3 que ning\u00fan proyecto impulsado por su gobierno incluir\u00e1 monumentos con dedicatorias personales ni generar\u00e1 deuda injustificada.<\/p>\n\n\n\n<p>En contraste con pr\u00e1cticas del pasado, el mandatario Alejandro Armenta confirm\u00f3 que el proyecto del Cableb\u00fas en Puebla s\u00ed se realizar\u00e1, y lo har\u00e1 sin moches, sin corrupci\u00f3n y con el respaldo pleno de la presidenta Claudia Sheinbaum. \u201cEl Cableb\u00fas va porque busca conectar las zonas m\u00e1s empobrecidas de Puebla, respetando la zona monumental y trabajando en coordinaci\u00f3n con el INAH. Es una obra de movilidad digna, no un capricho personal\u201d, concluy\u00f3.<\/p>\n","protected":false},"excerpt":{"rendered":"<p>El gobernador de Puebla, Alejandro Armenta, anunci\u00f3 la solicitud formal de una auditor\u00eda al proyecto del Telef\u00e9rico como parte de su compromiso con la transparencia, la rendici\u00f3n de cuentas y el buen gobierno. Adem\u00e1s, dijo que es una solicitud del pueblo que se investiguen las carpetas del Museo Barroco y de Banco Accendo con el [&hellip;]<\/p>\n","protected":false},"author":4,"featured_media":63361,"comment_status":"open","ping_status":"open","sticky":false,"template":"","format":"standard","meta":{"om_disable_all_campaigns":false,"_monsterinsights_skip_tracking":false,"_monsterinsights_sitenote_active":false,"_monsterinsights_sitenote_note":"","_monsterinsights_sitenote_category":0,"footnotes":""},"categories":[175],"tags":[239,195,223],"class_list":["post-63360","post","type-post","status-publish","format-standard","has-post-thumbnail","hentry","category-local","tag-gobierno","tag-principal","tag-puebla"],"amp_enabled":true,"_links":{"self":[{"href":"https:\/\/lahora.mx\/index.php\/wp-json\/wp\/v2\/posts\/63360","targetHints":{"allow":["GET"]}}],"collection":[{"href":"https:\/\/lahora.mx\/index.php\/wp-json\/wp\/v2\/posts"}],"about":[{"href":"https:\/\/lahora.mx\/index.php\/wp-json\/wp\/v2\/types\/post"}],"author":[{"embeddable":true,"href":"https:\/\/lahora.mx\/index.php\/wp-json\/wp\/v2\/users\/4"}],"replies":[{"embeddable":true,"href":"https:\/\/lahora.mx\/index.php\/wp-json\/wp\/v2\/comments?post=63360"}],"version-history":[{"count":1,"href":"https:\/\/lahora.mx\/index.php\/wp-json\/wp\/v2\/posts\/63360\/revisions"}],"predecessor-version":[{"id":63362,"href":"https:\/\/lahora.mx\/index.php\/wp-json\/wp\/v2\/posts\/63360\/revisions\/63362"}],"wp:featuredmedia":[{"embeddable":true,"href":"https:\/\/lahora.mx\/index.php\/wp-json\/wp\/v2\/media\/63361"}],"wp:attachment":[{"href":"https:\/\/lahora.mx\/index.php\/wp-json\/wp\/v2\/media?parent=63360"}],"wp:term":[{"taxonomy":"category","embeddable":true,"href":"https:\/\/lahora.mx\/index.php\/wp-json\/wp\/v2\/categories?post=63360"},{"taxonomy":"post_tag","embeddable":true,"href":"https:\/\/lahora.mx\/index.php\/wp-json\/wp\/v2\/tags?post=63360"}],"curies":[{"name":"wp","href":"https:\/\/api.w.org\/{rel}","templated":true}]}}