{"id":63350,"date":"2025-06-05T18:28:10","date_gmt":"2025-06-05T18:28:10","guid":{"rendered":"https:\/\/lahora.mx\/?p=63350"},"modified":"2025-06-05T18:28:11","modified_gmt":"2025-06-05T18:28:11","slug":"ibero-puebla-firma-convenio-con-volkswagen-en-favor-de-la-educacion","status":"publish","type":"post","link":"https:\/\/lahora.mx\/index.php\/2025\/06\/05\/ibero-puebla-firma-convenio-con-volkswagen-en-favor-de-la-educacion\/","title":{"rendered":"Ibero Puebla firma convenio con Volkswagen en favor de la educaci\u00f3n"},"content":{"rendered":"\n<p>Nuevamente, la Ibero Puebla y Volkswagen de M\u00e9xico unen sus plataformas y recursos, a trav\u00e9s de una firma de convenio que tiene el fin de generar acciones conjuntas de desarrollo, educaci\u00f3n, cultura e investigaci\u00f3n, en beneficio de sus comunidades y de la sociedad en general.<\/p>\n\n\n\n<p>Este convenio forma parte de las acciones de vinculaci\u00f3n que la universidad jesuita entiende desde una dimensi\u00f3n estrat\u00e9gica, en la que el proyecto de educaci\u00f3n humanista se fortalece a trav\u00e9s del trabajo conjunto con actores claves para la incidencia social, y que se enmarca en el paradigma pedag\u00f3gico ignaciano.<\/p>\n\n\n\n<p>Ibero Puebla firma convenio con Volkswagen en favor de la educaci\u00f3n<br>\u201cCreo que eso ha caracterizado nuestra relaci\u00f3n en los \u00faltimos a\u00f1os con Volkswagen, que tanto ustedes como nosotros hemos dado cuenta de que queremos constantemente energizar e innovar nuestra propia relaci\u00f3n\u201d, destac\u00f3 Mario Patr\u00f3n S\u00e1nchez el rector de la Ibero Puebla.<\/p>\n\n\n\n<p>El rector agreg\u00f3 que \u201cla idea es refrendar nuestro entorno amplio de relaci\u00f3n, pero potenciando las necesidades de nuestros j\u00f3venes, que son las de desarrollo profesional de Volkswagen. Entonces, es un privilegio para la Ibero Puebla refrendar el convenio de hoy\u201d.<\/p>\n\n\n\n<p>A su vez, el director de Relaciones Laborales y Cultura de Volkswagen de M\u00e9xico, Israel Mu\u00f1oz Mu\u00f1oz, se\u00f1al\u00f3: \u201cEsta colaboraci\u00f3n brindar\u00e1 a las y los estudiantes de la Ibero Puebla la oportunidad de participar en proyectos dentro de Volkswagen de M\u00e9xico, en los que pondr\u00e1n en pr\u00e1ctica su s\u00f3lida formaci\u00f3n acad\u00e9mica, fortaleciendo as\u00ed sus conocimientos y competencias de cara a su incursi\u00f3n en el mundo laboral\u201d, expres\u00f3.<\/p>\n\n\n\n<p>Ibero Puebla firma convenio con Volkswagen en favor de la educaci\u00f3n<br>Mientras, Aurora Berlanga \u00c1lvarez, directora general de Vinculaci\u00f3n de la Universidad, remarc\u00f3 la importancia que las alianzas estrat\u00e9gicas tienen para fomentar el compromiso con el proyecto educativo jesuita.<\/p>\n\n\n\n<p>\u201cLa intenci\u00f3n de firmar este convenio nos permitir\u00e1 que, desde nuestras \u00e1reas acad\u00e9micas [\u2026], se siga refrendando este compromiso de compartir conocimiento y generar una sociedad m\u00e1s justa, libre y solidaria. Y eso s\u00f3lo se puede hacer en este di\u00e1logo\u201d, coment\u00f3.<\/p>\n","protected":false},"excerpt":{"rendered":"<p>Nuevamente, la Ibero Puebla y Volkswagen de M\u00e9xico unen sus plataformas y recursos, a trav\u00e9s de una firma de convenio que tiene el fin de generar acciones conjuntas de desarrollo, educaci\u00f3n, cultura e investigaci\u00f3n, en beneficio de sus comunidades y de la sociedad en general. Este convenio forma parte de las acciones de vinculaci\u00f3n que [&hellip;]<\/p>\n","protected":false},"author":4,"featured_media":63352,"comment_status":"open","ping_status":"open","sticky":false,"template":"","format":"standard","meta":{"om_disable_all_campaigns":false,"_monsterinsights_skip_tracking":false,"_monsterinsights_sitenote_active":false,"_monsterinsights_sitenote_note":"","_monsterinsights_sitenote_category":0,"footnotes":""},"categories":[175],"tags":[223],"class_list":["post-63350","post","type-post","status-publish","format-standard","has-post-thumbnail","hentry","category-local","tag-puebla"],"amp_enabled":true,"_links":{"self":[{"href":"https:\/\/lahora.mx\/index.php\/wp-json\/wp\/v2\/posts\/63350","targetHints":{"allow":["GET"]}}],"collection":[{"href":"https:\/\/lahora.mx\/index.php\/wp-json\/wp\/v2\/posts"}],"about":[{"href":"https:\/\/lahora.mx\/index.php\/wp-json\/wp\/v2\/types\/post"}],"author":[{"embeddable":true,"href":"https:\/\/lahora.mx\/index.php\/wp-json\/wp\/v2\/users\/4"}],"replies":[{"embeddable":true,"href":"https:\/\/lahora.mx\/index.php\/wp-json\/wp\/v2\/comments?post=63350"}],"version-history":[{"count":1,"href":"https:\/\/lahora.mx\/index.php\/wp-json\/wp\/v2\/posts\/63350\/revisions"}],"predecessor-version":[{"id":63353,"href":"https:\/\/lahora.mx\/index.php\/wp-json\/wp\/v2\/posts\/63350\/revisions\/63353"}],"wp:featuredmedia":[{"embeddable":true,"href":"https:\/\/lahora.mx\/index.php\/wp-json\/wp\/v2\/media\/63352"}],"wp:attachment":[{"href":"https:\/\/lahora.mx\/index.php\/wp-json\/wp\/v2\/media?parent=63350"}],"wp:term":[{"taxonomy":"category","embeddable":true,"href":"https:\/\/lahora.mx\/index.php\/wp-json\/wp\/v2\/categories?post=63350"},{"taxonomy":"post_tag","embeddable":true,"href":"https:\/\/lahora.mx\/index.php\/wp-json\/wp\/v2\/tags?post=63350"}],"curies":[{"name":"wp","href":"https:\/\/api.w.org\/{rel}","templated":true}]}}