{"id":63341,"date":"2025-06-05T14:38:25","date_gmt":"2025-06-05T14:38:25","guid":{"rendered":"https:\/\/lahora.mx\/?p=63341"},"modified":"2025-06-05T14:38:26","modified_gmt":"2025-06-05T14:38:26","slug":"ambientalistas-rechazan-reforma-a-ley-de-arbolado-encalado-sin-fundamentos","status":"publish","type":"post","link":"https:\/\/lahora.mx\/index.php\/2025\/06\/05\/ambientalistas-rechazan-reforma-a-ley-de-arbolado-encalado-sin-fundamentos\/","title":{"rendered":"Ambientalistas rechazan reforma a Ley de Arbolado; encalado, sin fundamentos"},"content":{"rendered":"\n<p>Integrantes de 17 organismos ciudadanos del cuidado del medio ambiente se declararon en contra de la reforma a la Ley de Arbolado para permitir el encalado de \u00e1rboles en la entidad.<\/p>\n\n\n\n<p>Este jueves, en la sesi\u00f3n del Pleno del Congreso del Estado viene enlistada la reforma a la Ley de Arbolado de Puebla a fin de permitir el encalado de \u00e1rboles vigilado por la Secretar\u00eda de Medio Ambiente.<\/p>\n\n\n\n<p>Esto despu\u00e9s de que el 28 de mayo el gobernador Alejandro Armenta anunciara que iba a enviar una reforma para permitir el encalado, sin embargo, fue el diputado por Morena, Andr\u00e9s Villegas, quien se le adelant\u00f3 y al d\u00eda present\u00f3 su iniciativa.<\/p>\n\n\n\n<p>A trav\u00e9s de un comunicado, los organismos consideraron que esta propuesta para permitir que algunas especies de \u00e1rboles reciban mantenimiento a base de cal tiene fundamentos deficientes que no han sido discutidos con expertos en el tema.<\/p>\n\n\n\n<p>Por ello, solicitaron que se aplace la discusi\u00f3n de la iniciativa en el Pleno que se tiene planeada para este jueves 5 de junio a fin de realizar mesas de trabajo entre la Comisi\u00f3n de Medio Ambiente del Congreso del Estado y ciudadanos, expertos y especialistas en el tema para realizar una reforma que verdaderamente proteja las \u00e1reas verdes.<\/p>\n\n\n\n<p>Asimismo, las asociaciones aseguraron que se ponen a disposici\u00f3n de los diputados para generar una nueva reforma, sin embargo esta debe ser discutida con todos los sectores de la sociedad.<\/p>\n\n\n\n<p>Las 17 asociaciones que firmaron el comunicado son:<\/p>\n\n\n\n<p>\u00c1rboles Patrimoniales de Puebla<br>Arborismo Ciudadano Naturaleza y Ciudad<br>Granja La Tierra<br>Periferia Verde<br>Agenda Ciudadana por los \u00e1rboles y \u00e1reas verdes<br>Puebla Vigila<br>Visi\u00f3n Urbana 2029<br>Moverte, Movilidad y Desarrollo Urbano<br>Vitalius<br>Asociaci\u00f3n de Fraccionamientos A.C<br>Atilla Bisiklet<br>Para\u00edso Colibr\u00ed<br>Transporte Digno Puebla<br>Mujeres Construyendo Barrio<br>Gesti\u00f3n Sustentable<br>Asociaci\u00f3n Mexicana de Arboicultural<br>EP<br>La reforma tiene como objetivo modificar la fracci\u00f3n V del articulo siete de la Ley de Arbolado, a fin de que los gobiernos municipales y la Secretar\u00eda de Medio Ambiente vigilen las pr\u00e1cticas de mantenimiento de \u00e1rboles con productos a base de cal.<\/p>\n\n\n\n<p>La iniciativa asegura que pintar \u00e1rboles con cal en su tronco resulta ben\u00e9fico para controlar plagas y enfermedades, adem\u00e1s que los protege del estr\u00e9s t\u00e9rmico y previene la deforestaci\u00f3n urbana.<\/p>\n\n\n\n<p>Esto se sustenta con estudios hechos por el Comit\u00e9 Estatal de Sanidad Vegetal del Estado de Puebla (CESAVEP) y a los multicitados manuales elaborados entre otros, por el Instituto Nacional de Investigaciones Forestales Agr\u00edcolas y Pecuarias (INIFAP).<\/p>\n","protected":false},"excerpt":{"rendered":"<p>Integrantes de 17 organismos ciudadanos del cuidado del medio ambiente se declararon en contra de la reforma a la Ley de Arbolado para permitir el encalado de \u00e1rboles en la entidad. Este jueves, en la sesi\u00f3n del Pleno del Congreso del Estado viene enlistada la reforma a la Ley de Arbolado de Puebla a fin [&hellip;]<\/p>\n","protected":false},"author":4,"featured_media":63342,"comment_status":"open","ping_status":"open","sticky":false,"template":"","format":"standard","meta":{"om_disable_all_campaigns":false,"_monsterinsights_skip_tracking":false,"_monsterinsights_sitenote_active":false,"_monsterinsights_sitenote_note":"","_monsterinsights_sitenote_category":0,"footnotes":""},"categories":[175],"tags":[223],"class_list":["post-63341","post","type-post","status-publish","format-standard","has-post-thumbnail","hentry","category-local","tag-puebla"],"amp_enabled":true,"_links":{"self":[{"href":"https:\/\/lahora.mx\/index.php\/wp-json\/wp\/v2\/posts\/63341","targetHints":{"allow":["GET"]}}],"collection":[{"href":"https:\/\/lahora.mx\/index.php\/wp-json\/wp\/v2\/posts"}],"about":[{"href":"https:\/\/lahora.mx\/index.php\/wp-json\/wp\/v2\/types\/post"}],"author":[{"embeddable":true,"href":"https:\/\/lahora.mx\/index.php\/wp-json\/wp\/v2\/users\/4"}],"replies":[{"embeddable":true,"href":"https:\/\/lahora.mx\/index.php\/wp-json\/wp\/v2\/comments?post=63341"}],"version-history":[{"count":1,"href":"https:\/\/lahora.mx\/index.php\/wp-json\/wp\/v2\/posts\/63341\/revisions"}],"predecessor-version":[{"id":63343,"href":"https:\/\/lahora.mx\/index.php\/wp-json\/wp\/v2\/posts\/63341\/revisions\/63343"}],"wp:featuredmedia":[{"embeddable":true,"href":"https:\/\/lahora.mx\/index.php\/wp-json\/wp\/v2\/media\/63342"}],"wp:attachment":[{"href":"https:\/\/lahora.mx\/index.php\/wp-json\/wp\/v2\/media?parent=63341"}],"wp:term":[{"taxonomy":"category","embeddable":true,"href":"https:\/\/lahora.mx\/index.php\/wp-json\/wp\/v2\/categories?post=63341"},{"taxonomy":"post_tag","embeddable":true,"href":"https:\/\/lahora.mx\/index.php\/wp-json\/wp\/v2\/tags?post=63341"}],"curies":[{"name":"wp","href":"https:\/\/api.w.org\/{rel}","templated":true}]}}