{"id":63326,"date":"2025-06-05T02:22:29","date_gmt":"2025-06-05T02:22:29","guid":{"rendered":"https:\/\/lahora.mx\/?p=63326"},"modified":"2025-06-05T02:22:29","modified_gmt":"2025-06-05T02:22:29","slug":"temporada-de-lluvias-agrava-riesgos-para-motociclistas-en-atlixco","status":"publish","type":"post","link":"https:\/\/lahora.mx\/index.php\/2025\/06\/05\/temporada-de-lluvias-agrava-riesgos-para-motociclistas-en-atlixco\/","title":{"rendered":"Temporada de lluvias agrava riesgos para motociclistas en Atlixco"},"content":{"rendered":"\n<p>Durante la temporada de lluvias, los motociclistas son los conductores con mayor \u00edndice de accidentes en Atlixco, debido a una combinaci\u00f3n de exceso de velocidad, falta de precauci\u00f3n y pavimento mojado, inform\u00f3 N\u00e9stor Tapia Flores, director de vialidad municipal.<\/p>\n\n\n\n<p>De acuerdo con el funcionario, se registra al menos un accidente de motocicleta al d\u00eda, lo que representa un promedio de siete percances semanales.<\/p>\n\n\n\n<p>En las \u00faltimas 48 horas se reportaron dos siniestros: el primero ocurri\u00f3 en la colonia Cabrera, al norte de la ciudad, y el segundo en el bulevar Emiliano Zapata, al oriente. Este \u00faltimo se debi\u00f3 a que el conductor circulaba a alta velocidad y derrap\u00f3 al no poder controlar la motocicleta sobre el pavimento mojado.<\/p>\n\n\n\n<p>Tapia Flores exhort\u00f3 a la ciudadan\u00eda a respetar los l\u00edmites de velocidad establecidos para motocicletas, motonetas y bicimotos, y a portar equipo de protecci\u00f3n adecuado.<\/p>\n\n\n\n<p>Recomend\u00f3 adem\u00e1s evitar circular con menores de edad, especialmente en condiciones de lluvia, ya que las vialidades pueden presentar baches, hundimientos de adoquines o tierra y maleza arrastrada por el agua, lo que incrementa el riesgo de accidentes.<\/p>\n\n\n\n<p>El director de vialidad record\u00f3 uno de los accidentes m\u00e1s graves en el municipio, ocurrido el 23 de junio de 2024, cuando Alexis, de 23 a\u00f1os, y su hijastro viajaban en motocicleta sobre el bulevar Sor Juana In\u00e9s de la Cruz.<\/p>\n\n\n\n<p>La lluvia y el exceso de velocidad impidieron que el conductor notara un nuevo tope, lo que provoc\u00f3 que perdiera el control del veh\u00edculo y ambos salieran proyectados contra el camell\u00f3n. Alexis choc\u00f3 contra un poste de luz y falleci\u00f3 en el lugar.<\/p>\n\n\n\n<p>Las autoridades reiteraron su llamado a extremar precauciones durante la temporada de lluvias, con el fin de prevenir este tipo de incidentes.<\/p>\n","protected":false},"excerpt":{"rendered":"<p>Durante la temporada de lluvias, los motociclistas son los conductores con mayor \u00edndice de accidentes en Atlixco, debido a una combinaci\u00f3n de exceso de velocidad, falta de precauci\u00f3n y pavimento mojado, inform\u00f3 N\u00e9stor Tapia Flores, director de vialidad municipal. De acuerdo con el funcionario, se registra al menos un accidente de motocicleta al d\u00eda, lo [&hellip;]<\/p>\n","protected":false},"author":4,"featured_media":63327,"comment_status":"open","ping_status":"open","sticky":false,"template":"","format":"standard","meta":{"om_disable_all_campaigns":false,"_monsterinsights_skip_tracking":false,"_monsterinsights_sitenote_active":false,"_monsterinsights_sitenote_note":"","_monsterinsights_sitenote_category":0,"footnotes":""},"categories":[175],"tags":[223],"class_list":["post-63326","post","type-post","status-publish","format-standard","has-post-thumbnail","hentry","category-local","tag-puebla"],"amp_enabled":true,"_links":{"self":[{"href":"https:\/\/lahora.mx\/index.php\/wp-json\/wp\/v2\/posts\/63326","targetHints":{"allow":["GET"]}}],"collection":[{"href":"https:\/\/lahora.mx\/index.php\/wp-json\/wp\/v2\/posts"}],"about":[{"href":"https:\/\/lahora.mx\/index.php\/wp-json\/wp\/v2\/types\/post"}],"author":[{"embeddable":true,"href":"https:\/\/lahora.mx\/index.php\/wp-json\/wp\/v2\/users\/4"}],"replies":[{"embeddable":true,"href":"https:\/\/lahora.mx\/index.php\/wp-json\/wp\/v2\/comments?post=63326"}],"version-history":[{"count":1,"href":"https:\/\/lahora.mx\/index.php\/wp-json\/wp\/v2\/posts\/63326\/revisions"}],"predecessor-version":[{"id":63328,"href":"https:\/\/lahora.mx\/index.php\/wp-json\/wp\/v2\/posts\/63326\/revisions\/63328"}],"wp:featuredmedia":[{"embeddable":true,"href":"https:\/\/lahora.mx\/index.php\/wp-json\/wp\/v2\/media\/63327"}],"wp:attachment":[{"href":"https:\/\/lahora.mx\/index.php\/wp-json\/wp\/v2\/media?parent=63326"}],"wp:term":[{"taxonomy":"category","embeddable":true,"href":"https:\/\/lahora.mx\/index.php\/wp-json\/wp\/v2\/categories?post=63326"},{"taxonomy":"post_tag","embeddable":true,"href":"https:\/\/lahora.mx\/index.php\/wp-json\/wp\/v2\/tags?post=63326"}],"curies":[{"name":"wp","href":"https:\/\/api.w.org\/{rel}","templated":true}]}}