{"id":63323,"date":"2025-06-05T02:20:50","date_gmt":"2025-06-05T02:20:50","guid":{"rendered":"https:\/\/lahora.mx\/?p=63323"},"modified":"2025-06-05T02:20:50","modified_gmt":"2025-06-05T02:20:50","slug":"la-presidenta-claudia-sheinbaum-inaugurara-hospital-infantil-en-puebla-este-domingo","status":"publish","type":"post","link":"https:\/\/lahora.mx\/index.php\/2025\/06\/05\/la-presidenta-claudia-sheinbaum-inaugurara-hospital-infantil-en-puebla-este-domingo\/","title":{"rendered":"La presidenta Claudia Sheinbaum inaugurar\u00e1 hospital infantil en Puebla este domingo"},"content":{"rendered":"\n<p>Claudia Sheinbaum, presidenta de M\u00e9xico, anunci\u00f3 este mi\u00e9rcoles 4 de junio su agenda de actividades presidenciales en el sector salud, incluyendo a Puebla en sus visitas.<\/p>\n\n\n\n<p>El viernes 6 de junio, Sheinbaum iniciar\u00e1 sus labores a las 07:30 horas con la Ma\u00f1anera del Pueblo, dentro de Palacio Nacional, en la Ciudad de M\u00e9xico.<\/p>\n\n\n\n<p>Alrededor de las 12:45 horas realizar\u00e1 la Asamblea Salud casa por casa en Guerrero, para que a las 15:30 horas inaugure el Hospital General en Tlapa de Comonfort.<\/p>\n\n\n\n<p>A las 11:30 horas, dentro del mismo marco del programa Salud casa por casa, la mandataria inaugurar\u00e1 el Hospital del Ni\u00f1o Morelense en Temixco, Morelos<\/p>\n\n\n\n<p>Ese d\u00eda, igual en Morelos, tiene programado, a las 17:45 horas, el Arranque de Obra de la construcci\u00f3n del Hospital General de Zona Yecapixtla.<\/p>\n\n\n\n<p>Domingo 8 de junio<br>Puebla tendr\u00e1 la presencia de la presidenta el 8 de junio a las 11:00 horas, ya que inaugurar\u00e1 el Hospital de la Ni\u00f1ez Poblana, en San Andr\u00e9s Cholula, Puebla. Previamente, este hospital infantil depend\u00eda de la Secretar\u00eda de Salud estatal, pero ahora se adhiere al sistema federal IMSS-Bienestar.<\/p>\n\n\n\n<p>A trav\u00e9s de su cuenta de X, el IMSS Bienestar public\u00f3 el 3 de junio que est\u00e1 reclutando personal de enfermer\u00eda con especialidad en cuidados intensivos, quir\u00fargicos, neonatolog\u00eda y pediatr\u00eda, para que labore en el nuevo nosocomio.<\/p>\n\n\n\n<p>Esta visita de Sheinbaum ser\u00e1 su segundo acto oficial en el estado, luego de su participaci\u00f3n en el Desfile del 5 de Mayo en la ciudad de Puebla.<\/p>\n","protected":false},"excerpt":{"rendered":"<p>Claudia Sheinbaum, presidenta de M\u00e9xico, anunci\u00f3 este mi\u00e9rcoles 4 de junio su agenda de actividades presidenciales en el sector salud, incluyendo a Puebla en sus visitas. El viernes 6 de junio, Sheinbaum iniciar\u00e1 sus labores a las 07:30 horas con la Ma\u00f1anera del Pueblo, dentro de Palacio Nacional, en la Ciudad de M\u00e9xico. Alrededor de [&hellip;]<\/p>\n","protected":false},"author":4,"featured_media":63324,"comment_status":"open","ping_status":"open","sticky":false,"template":"","format":"standard","meta":{"om_disable_all_campaigns":false,"_monsterinsights_skip_tracking":false,"_monsterinsights_sitenote_active":false,"_monsterinsights_sitenote_note":"","_monsterinsights_sitenote_category":0,"footnotes":""},"categories":[175],"tags":[195,223],"class_list":["post-63323","post","type-post","status-publish","format-standard","has-post-thumbnail","hentry","category-local","tag-principal","tag-puebla"],"amp_enabled":true,"_links":{"self":[{"href":"https:\/\/lahora.mx\/index.php\/wp-json\/wp\/v2\/posts\/63323","targetHints":{"allow":["GET"]}}],"collection":[{"href":"https:\/\/lahora.mx\/index.php\/wp-json\/wp\/v2\/posts"}],"about":[{"href":"https:\/\/lahora.mx\/index.php\/wp-json\/wp\/v2\/types\/post"}],"author":[{"embeddable":true,"href":"https:\/\/lahora.mx\/index.php\/wp-json\/wp\/v2\/users\/4"}],"replies":[{"embeddable":true,"href":"https:\/\/lahora.mx\/index.php\/wp-json\/wp\/v2\/comments?post=63323"}],"version-history":[{"count":1,"href":"https:\/\/lahora.mx\/index.php\/wp-json\/wp\/v2\/posts\/63323\/revisions"}],"predecessor-version":[{"id":63325,"href":"https:\/\/lahora.mx\/index.php\/wp-json\/wp\/v2\/posts\/63323\/revisions\/63325"}],"wp:featuredmedia":[{"embeddable":true,"href":"https:\/\/lahora.mx\/index.php\/wp-json\/wp\/v2\/media\/63324"}],"wp:attachment":[{"href":"https:\/\/lahora.mx\/index.php\/wp-json\/wp\/v2\/media?parent=63323"}],"wp:term":[{"taxonomy":"category","embeddable":true,"href":"https:\/\/lahora.mx\/index.php\/wp-json\/wp\/v2\/categories?post=63323"},{"taxonomy":"post_tag","embeddable":true,"href":"https:\/\/lahora.mx\/index.php\/wp-json\/wp\/v2\/tags?post=63323"}],"curies":[{"name":"wp","href":"https:\/\/api.w.org\/{rel}","templated":true}]}}