{"id":63300,"date":"2025-06-03T20:11:20","date_gmt":"2025-06-03T20:11:20","guid":{"rendered":"https:\/\/lahora.mx\/?p=63300"},"modified":"2025-06-04T23:34:37","modified_gmt":"2025-06-04T23:34:37","slug":"aprueban-en-comisiones-cuatro-iniciativas-de-armenta-destaca-una-nueva-ley-para-prevenir-la-violencia","status":"publish","type":"post","link":"https:\/\/lahora.mx\/index.php\/2025\/06\/03\/aprueban-en-comisiones-cuatro-iniciativas-de-armenta-destaca-una-nueva-ley-para-prevenir-la-violencia\/","title":{"rendered":"Aprueban en Comisiones cuatro iniciativas de Armenta, destaca una nueva ley para prevenir la violencia"},"content":{"rendered":"\n<p>Este martes, diversas comisiones al interior del Congreso local avalaron el paquete de cuatro iniciativas del gobernador Alejandro Armenta Mier, remitidas al Legislativo por el coordinador de Gabinete, Jos\u00e9 Luis Garc\u00eda Parra.<\/p>\n\n\n\n<p>La iniciativa m\u00e1s relevante del paquete, aprobada este este martes por la Comisi\u00f3n de Seguridad P\u00fablica, es por la cual se expedir\u00e1 una nueva norma. Se trata de la Ley para la Prevenci\u00f3n Social de la Violencia y la Delincuencia, la cual propone la creaci\u00f3n de programas de desarrollo social, cultural y econ\u00f3mico.<br>Ya es un hecho: descarta Congreso uso de chaleco rotulado para motociclistas<br>La presidenta del Congreso dej\u00f3 en claro a bikers inconformes con la iniciativa que \u201cnos toca legislar a nosotros, no a ellos\u201d<br>De aprobarse esta nueva ley en la sesi\u00f3n del Pleno, se crear\u00e1 el \u00f3rgano Comisi\u00f3n Estatal de Prevenci\u00f3n Social de la Violencia y la Delincuencia, un Consejo Estatal y comit\u00e9s ciudadanos, encargados de crear, ejecutar y evaluar acciones a favor de la seguridad.<\/p>\n\n\n\n<p>En tanto, una vez entre en vigor esta norma, los 215 ayuntamientos y dos concejos municipales de la entidad estar\u00e1n a cargo de elaborar un plan anual, mediante el cual propongan acciones para prevenir la violencia y la delincuencia en sus territorios.<\/p>\n\n\n\n<p>Por otra parte, la Comisi\u00f3n de Hacienda y Patrimonio Municipal aval\u00f3 el decreto mediante el cual se autoriza al gobierno estatal donar, a t\u00edtulo gratuito, un predio con una superficie de 45 mil 80.06 metros cuadrados al Infonavit, para la construcci\u00f3n de aproximadamente 800 viviendas a beneficio de los trabajadores, como parte del fortalecimiento y apoyo del programa Vivienda para el Bienestar, impulsado por el gobierno federal.<\/p>\n\n\n\n<p><br>En la misma comisi\u00f3n, se aprob\u00f3 el decreto por el cual se autoriza al gobierno estatal donar, a t\u00edtulo gratuito, un predio de cuatro mil 441.17 metros cuadrados a favor del Sistema Municipal DIF del ayuntamiento de Puebla, para la construcci\u00f3n de un centro de educaci\u00f3n especial.<\/p>\n\n\n\n<p>Finalmente, en la Comisi\u00f3n de Gobierno y Puntos Constitucionales, se aval\u00f3 el decreto que propone la creaci\u00f3n del organismo p\u00fablico descentralizado denominado Ciudad Modelo, por el cual se le otorgan nuevas facultades, entre ellas, la coordinaci\u00f3n de los ocho parques industriales p\u00fablicos del estado.<\/p>\n\n\n\n<p>Iniciativas<br>congreso local<\/p>\n\n\n\n<p><\/p>\n","protected":false},"excerpt":{"rendered":"<p>Este martes, diversas comisiones al interior del Congreso local avalaron el paquete de cuatro iniciativas del gobernador Alejandro Armenta Mier, remitidas al Legislativo por el coordinador de Gabinete, Jos\u00e9 Luis Garc\u00eda Parra. La iniciativa m\u00e1s relevante del paquete, aprobada este este martes por la Comisi\u00f3n de Seguridad P\u00fablica, es por la cual se expedir\u00e1 una [&hellip;]<\/p>\n","protected":false},"author":4,"featured_media":63301,"comment_status":"open","ping_status":"open","sticky":false,"template":"","format":"standard","meta":{"om_disable_all_campaigns":false,"_monsterinsights_skip_tracking":false,"_monsterinsights_sitenote_active":false,"_monsterinsights_sitenote_note":"","_monsterinsights_sitenote_category":0,"footnotes":""},"categories":[175],"tags":[227,223],"class_list":["post-63300","post","type-post","status-publish","format-standard","has-post-thumbnail","hentry","category-local","tag-congreso","tag-puebla"],"amp_enabled":true,"_links":{"self":[{"href":"https:\/\/lahora.mx\/index.php\/wp-json\/wp\/v2\/posts\/63300","targetHints":{"allow":["GET"]}}],"collection":[{"href":"https:\/\/lahora.mx\/index.php\/wp-json\/wp\/v2\/posts"}],"about":[{"href":"https:\/\/lahora.mx\/index.php\/wp-json\/wp\/v2\/types\/post"}],"author":[{"embeddable":true,"href":"https:\/\/lahora.mx\/index.php\/wp-json\/wp\/v2\/users\/4"}],"replies":[{"embeddable":true,"href":"https:\/\/lahora.mx\/index.php\/wp-json\/wp\/v2\/comments?post=63300"}],"version-history":[{"count":2,"href":"https:\/\/lahora.mx\/index.php\/wp-json\/wp\/v2\/posts\/63300\/revisions"}],"predecessor-version":[{"id":63303,"href":"https:\/\/lahora.mx\/index.php\/wp-json\/wp\/v2\/posts\/63300\/revisions\/63303"}],"wp:featuredmedia":[{"embeddable":true,"href":"https:\/\/lahora.mx\/index.php\/wp-json\/wp\/v2\/media\/63301"}],"wp:attachment":[{"href":"https:\/\/lahora.mx\/index.php\/wp-json\/wp\/v2\/media?parent=63300"}],"wp:term":[{"taxonomy":"category","embeddable":true,"href":"https:\/\/lahora.mx\/index.php\/wp-json\/wp\/v2\/categories?post=63300"},{"taxonomy":"post_tag","embeddable":true,"href":"https:\/\/lahora.mx\/index.php\/wp-json\/wp\/v2\/tags?post=63300"}],"curies":[{"name":"wp","href":"https:\/\/api.w.org\/{rel}","templated":true}]}}