{"id":63285,"date":"2025-06-04T16:06:58","date_gmt":"2025-06-04T16:06:58","guid":{"rendered":"https:\/\/lahora.mx\/?p=63285"},"modified":"2025-06-04T16:06:58","modified_gmt":"2025-06-04T16:06:58","slug":"refuerza-pepe-chedraui-campana-de-bacheo-en-la-capital","status":"publish","type":"post","link":"https:\/\/lahora.mx\/index.php\/2025\/06\/04\/refuerza-pepe-chedraui-campana-de-bacheo-en-la-capital\/","title":{"rendered":"Refuerza Pepe Chedraui Campa\u00f1a de Bacheo en la capital"},"content":{"rendered":"\n<p>En el marco de la Campa\u00f1a Capitalina Bacheando Puebla, el presidente municipal, Pepe Chedraui Budib supervis\u00f3 el despliegue operativo de un total de 15 cuadrillas de bacheo en la colonia Bugambilias.<br><br>Al respecto el edil mencion\u00f3 que esta estrategia integral ha permitido intervenir m\u00e1s de 90 colonias de la capital y de enero a la fecha tapar m\u00e1s de 50 mil baches.<\/p>\n\n\n\n<p>\u201cCon una inversi\u00f3n hist\u00f3rica de 110 millones de pesos estamos trabajando colonia por colonia, cerca de las y los poblanos\u201d, subray\u00f3.<\/p>\n\n\n\n<p>Por su parte, el secretario de Movilidad e Infraestructura, David Aysa se\u00f1al\u00f3 que, este programa de bacheo contempla la atenci\u00f3n de vialidades principales, as\u00ed como de calles y avenidas de las diferentes colonias de la ciudad.<\/p>\n\n\n\n<p>\u201cQueremos trabajar con la ciudadan\u00eda. Por ello, estamos recorriendo las diferentes colonias, para atender sus reportes con eficiencia\u201d, puntualiz\u00f3.<\/p>\n\n\n\n<p>Adicionalmente, el funcionario municipal agreg\u00f3 que se intervienen diferentes zonas con trabajos de mantenimiento vial y pavimentaci\u00f3n.<\/p>\n\n\n\n<p>Cabe destacar que, para atenci\u00f3n de reportes los canales de comunicaci\u00f3n se encuentran abiertos, a trav\u00e9s del n\u00famero telef\u00f3nico 072 y v\u00eda redes sociales por medio de las cuentas oficiales @PueblaAyto e @InfraPue.<\/p>\n\n\n\n<p>El Gobierno de la Ciudad encabezado por el alcalde Pepe Chedraui Budib refrenda su compromiso de fortalecer la infraestructura vial de la capital.<\/p>\n","protected":false},"excerpt":{"rendered":"<p>En el marco de la Campa\u00f1a Capitalina Bacheando Puebla, el presidente municipal, Pepe Chedraui Budib supervis\u00f3 el despliegue operativo de un total de 15 cuadrillas de bacheo en la colonia Bugambilias. Al respecto el edil mencion\u00f3 que esta estrategia integral ha permitido intervenir m\u00e1s de 90 colonias de la capital y de enero a la [&hellip;]<\/p>\n","protected":false},"author":4,"featured_media":63286,"comment_status":"open","ping_status":"open","sticky":false,"template":"","format":"standard","meta":{"om_disable_all_campaigns":false,"_monsterinsights_skip_tracking":false,"_monsterinsights_sitenote_active":false,"_monsterinsights_sitenote_note":"","_monsterinsights_sitenote_category":0,"footnotes":""},"categories":[175],"tags":[223],"class_list":["post-63285","post","type-post","status-publish","format-standard","has-post-thumbnail","hentry","category-local","tag-puebla"],"amp_enabled":true,"_links":{"self":[{"href":"https:\/\/lahora.mx\/index.php\/wp-json\/wp\/v2\/posts\/63285","targetHints":{"allow":["GET"]}}],"collection":[{"href":"https:\/\/lahora.mx\/index.php\/wp-json\/wp\/v2\/posts"}],"about":[{"href":"https:\/\/lahora.mx\/index.php\/wp-json\/wp\/v2\/types\/post"}],"author":[{"embeddable":true,"href":"https:\/\/lahora.mx\/index.php\/wp-json\/wp\/v2\/users\/4"}],"replies":[{"embeddable":true,"href":"https:\/\/lahora.mx\/index.php\/wp-json\/wp\/v2\/comments?post=63285"}],"version-history":[{"count":1,"href":"https:\/\/lahora.mx\/index.php\/wp-json\/wp\/v2\/posts\/63285\/revisions"}],"predecessor-version":[{"id":63287,"href":"https:\/\/lahora.mx\/index.php\/wp-json\/wp\/v2\/posts\/63285\/revisions\/63287"}],"wp:featuredmedia":[{"embeddable":true,"href":"https:\/\/lahora.mx\/index.php\/wp-json\/wp\/v2\/media\/63286"}],"wp:attachment":[{"href":"https:\/\/lahora.mx\/index.php\/wp-json\/wp\/v2\/media?parent=63285"}],"wp:term":[{"taxonomy":"category","embeddable":true,"href":"https:\/\/lahora.mx\/index.php\/wp-json\/wp\/v2\/categories?post=63285"},{"taxonomy":"post_tag","embeddable":true,"href":"https:\/\/lahora.mx\/index.php\/wp-json\/wp\/v2\/tags?post=63285"}],"curies":[{"name":"wp","href":"https:\/\/api.w.org\/{rel}","templated":true}]}}