{"id":63275,"date":"2025-06-04T15:48:24","date_gmt":"2025-06-04T15:48:24","guid":{"rendered":"https:\/\/lahora.mx\/?p=63275"},"modified":"2025-06-04T15:49:07","modified_gmt":"2025-06-04T15:49:07","slug":"motociclistas-protestan-en-la-caseta-atlixcayotl-contra-la-ley-chaleco","status":"publish","type":"post","link":"https:\/\/lahora.mx\/index.php\/2025\/06\/04\/motociclistas-protestan-en-la-caseta-atlixcayotl-contra-la-ley-chaleco\/","title":{"rendered":"Motociclistas protestan en la caseta Atlixc\u00e1yotl contra la ley Chaleco"},"content":{"rendered":"\n<p>Ayer martes decenas de motociclistas de Puebla realizaron una manifestaci\u00f3n en la caseta de cobro de la v\u00eda Atlixc\u00e1yotl, la cual conduce de este municipio a la capital poblana.<br><br>Los inconformes levantaron las plumas de ambos sentidos y permitieron el libre tr\u00e1nsito por varios minutos. La protesta es una muestra de inconformidad contra la llamada Ley Chaleco, iniciativa responsable de generar controversia entre el gremio motociclista. <\/p>\n\n\n\n<p>Los involucrados se\u00f1alaron no son convocados a un di\u00e1logo abierto y transparente con las autoridades para discutir las implicaciones de la nueva normativa. Adem\u00e1s denunciaron recibir un trato inadecuado de parte de las instituciones encargadas de regular el tr\u00e1nsito y la seguridad vial en la entidad.<\/p>\n\n\n\n<p>La Ley Chaleco, propuesta en 2024 y retomada este a\u00f1o, contempla los motociclistas porten un chaleco reflejante con el n\u00famero de placa visible, tanto al frente como en la parte trasera, como medida para reforzar la seguridad y combatir delitos cometidos a bordo de motocicletas.<\/p>\n\n\n\n<p>No obstante, organizaciones de motociclistas argumentaron p\u00fablicamente esa medida criminaliza al usuario com\u00fan y representa una carga econ\u00f3mica adicional para un sector ya vulnerable.<\/p>\n\n\n\n<p>Cabe se\u00f1alar Puebla cuenta con m\u00e1s de 200 mil motociclistas registrados seg\u00fan datos del Instituto Nacional de Estad\u00edstica y Geograf\u00eda (INEGI) y de la Secretar\u00eda de Movilidad y Transporte.<\/p>\n\n\n\n<p>En los \u00faltimos a\u00f1os el uso de la motocicleta creci\u00f3 exponencialmente en el estado, tanto por razones econ\u00f3micas como por su utilidad para actividades laborales y de reparto.<\/p>\n","protected":false},"excerpt":{"rendered":"<p>Ayer martes decenas de motociclistas de Puebla realizaron una manifestaci\u00f3n en la caseta de cobro de la v\u00eda Atlixc\u00e1yotl, la cual conduce de este municipio a la capital poblana. Los inconformes levantaron las plumas de ambos sentidos y permitieron el libre tr\u00e1nsito por varios minutos. La protesta es una muestra de inconformidad contra la llamada [&hellip;]<\/p>\n","protected":false},"author":4,"featured_media":63276,"comment_status":"open","ping_status":"open","sticky":false,"template":"","format":"standard","meta":{"om_disable_all_campaigns":false,"_monsterinsights_skip_tracking":false,"_monsterinsights_sitenote_active":false,"_monsterinsights_sitenote_note":"","_monsterinsights_sitenote_category":0,"footnotes":""},"categories":[175],"tags":[223],"class_list":["post-63275","post","type-post","status-publish","format-standard","has-post-thumbnail","hentry","category-local","tag-puebla"],"amp_enabled":true,"_links":{"self":[{"href":"https:\/\/lahora.mx\/index.php\/wp-json\/wp\/v2\/posts\/63275","targetHints":{"allow":["GET"]}}],"collection":[{"href":"https:\/\/lahora.mx\/index.php\/wp-json\/wp\/v2\/posts"}],"about":[{"href":"https:\/\/lahora.mx\/index.php\/wp-json\/wp\/v2\/types\/post"}],"author":[{"embeddable":true,"href":"https:\/\/lahora.mx\/index.php\/wp-json\/wp\/v2\/users\/4"}],"replies":[{"embeddable":true,"href":"https:\/\/lahora.mx\/index.php\/wp-json\/wp\/v2\/comments?post=63275"}],"version-history":[{"count":2,"href":"https:\/\/lahora.mx\/index.php\/wp-json\/wp\/v2\/posts\/63275\/revisions"}],"predecessor-version":[{"id":63278,"href":"https:\/\/lahora.mx\/index.php\/wp-json\/wp\/v2\/posts\/63275\/revisions\/63278"}],"wp:featuredmedia":[{"embeddable":true,"href":"https:\/\/lahora.mx\/index.php\/wp-json\/wp\/v2\/media\/63276"}],"wp:attachment":[{"href":"https:\/\/lahora.mx\/index.php\/wp-json\/wp\/v2\/media?parent=63275"}],"wp:term":[{"taxonomy":"category","embeddable":true,"href":"https:\/\/lahora.mx\/index.php\/wp-json\/wp\/v2\/categories?post=63275"},{"taxonomy":"post_tag","embeddable":true,"href":"https:\/\/lahora.mx\/index.php\/wp-json\/wp\/v2\/tags?post=63275"}],"curies":[{"name":"wp","href":"https:\/\/api.w.org\/{rel}","templated":true}]}}