{"id":63272,"date":"2025-06-04T15:45:25","date_gmt":"2025-06-04T15:45:25","guid":{"rendered":"https:\/\/lahora.mx\/?p=63272"},"modified":"2025-06-04T15:45:26","modified_gmt":"2025-06-04T15:45:26","slug":"por-exigir-justicia-por-la-muerte-de-luis-angel-familiares-son-amenazados-en-tehuacan","status":"publish","type":"post","link":"https:\/\/lahora.mx\/index.php\/2025\/06\/04\/por-exigir-justicia-por-la-muerte-de-luis-angel-familiares-son-amenazados-en-tehuacan\/","title":{"rendered":"Por exigir justicia por la muerte de Luis \u00c1ngel familiares son amenazados en Tehuac\u00e1n"},"content":{"rendered":"\n<p>Familiares de Luis \u00c1ngel, menor de 13 a\u00f1os que perdi\u00f3 la vida el pasado 18 de mayo, tras ser atropellado por un autom\u00f3vil de color rojo sobre el Libramiento Tecnol\u00f3gico-San Marcos, ha recibido diversas amenazas ante el clamor de justicia que ha realizado a trav\u00e9s de manifestaciones y publicaciones de redes sociales e incluso le han exigido que baje los mensajes que se han difundido.<br>Tras la muerte del menor, hace m\u00e1s de dos semanas, los seres queridos del adolescente Luis \u00c1ngel, se han abocado a tratar de investigar sobre el paradero del autom\u00f3vil que lo priv\u00f3 de la vida y tratar de ubicar al responsable, adem\u00e1s han realizado manifestaciones e incluso un bloqueo en la vialidad donde se registr\u00f3 el hecho, para exigir justicia, pues el conductor de la unidad circulaba a exceso de velocidad.<\/p>\n\n\n\n<p>La familia cuenta con el n\u00famero de placa del autom\u00f3vil, lo que ha permitido poder investigar y tratar de localizar la unidad, adem\u00e1s de obtener informaci\u00f3n sobre el due\u00f1o de este, datos que se han entregado a la Fiscal\u00eda General de Estado (FGE) para que la integre a la carpeta de investigaci\u00f3n, pues presuntamente ha tenido varios propietarios.<\/p>\n\n\n\n<p>Se ha dado a conocer que hasta el momento la Fiscal\u00eda no dio informaci\u00f3n sobre el avance de las investigaciones o si realmente las est\u00e1n llevando a cabo, por lo que se teme que se archivo.<\/p>\n\n\n\n<p>Existe temor por parte de la familia de Luis \u00c1ngel, debido a que han estado recibiendo amenazas exigi\u00e9ndoles que bajen las publicaciones que han estado realizando por las redes sociales, adem\u00e1s de que desistan de pedir justicia y que dejen todo como esta.<\/p>\n\n\n\n<p>Por tal situaci\u00f3n los seres queridos del menor se\u00f1alaron que cualquier situaci\u00f3n que les llegue a pasar hacen responsable al due\u00f1o del veh\u00edculo que le quit\u00f3 la vida al menor, as\u00ed como a la Fiscal\u00eda por no actuar de manera inmediata.<\/p>\n","protected":false},"excerpt":{"rendered":"<p>Familiares de Luis \u00c1ngel, menor de 13 a\u00f1os que perdi\u00f3 la vida el pasado 18 de mayo, tras ser atropellado por un autom\u00f3vil de color rojo sobre el Libramiento Tecnol\u00f3gico-San Marcos, ha recibido diversas amenazas ante el clamor de justicia que ha realizado a trav\u00e9s de manifestaciones y publicaciones de redes sociales e incluso le [&hellip;]<\/p>\n","protected":false},"author":4,"featured_media":63273,"comment_status":"open","ping_status":"open","sticky":false,"template":"","format":"standard","meta":{"om_disable_all_campaigns":false,"_monsterinsights_skip_tracking":false,"_monsterinsights_sitenote_active":false,"_monsterinsights_sitenote_note":"","_monsterinsights_sitenote_category":0,"footnotes":""},"categories":[226],"tags":[223],"class_list":["post-63272","post","type-post","status-publish","format-standard","has-post-thumbnail","hentry","category-policia","tag-puebla"],"amp_enabled":true,"_links":{"self":[{"href":"https:\/\/lahora.mx\/index.php\/wp-json\/wp\/v2\/posts\/63272","targetHints":{"allow":["GET"]}}],"collection":[{"href":"https:\/\/lahora.mx\/index.php\/wp-json\/wp\/v2\/posts"}],"about":[{"href":"https:\/\/lahora.mx\/index.php\/wp-json\/wp\/v2\/types\/post"}],"author":[{"embeddable":true,"href":"https:\/\/lahora.mx\/index.php\/wp-json\/wp\/v2\/users\/4"}],"replies":[{"embeddable":true,"href":"https:\/\/lahora.mx\/index.php\/wp-json\/wp\/v2\/comments?post=63272"}],"version-history":[{"count":1,"href":"https:\/\/lahora.mx\/index.php\/wp-json\/wp\/v2\/posts\/63272\/revisions"}],"predecessor-version":[{"id":63274,"href":"https:\/\/lahora.mx\/index.php\/wp-json\/wp\/v2\/posts\/63272\/revisions\/63274"}],"wp:featuredmedia":[{"embeddable":true,"href":"https:\/\/lahora.mx\/index.php\/wp-json\/wp\/v2\/media\/63273"}],"wp:attachment":[{"href":"https:\/\/lahora.mx\/index.php\/wp-json\/wp\/v2\/media?parent=63272"}],"wp:term":[{"taxonomy":"category","embeddable":true,"href":"https:\/\/lahora.mx\/index.php\/wp-json\/wp\/v2\/categories?post=63272"},{"taxonomy":"post_tag","embeddable":true,"href":"https:\/\/lahora.mx\/index.php\/wp-json\/wp\/v2\/tags?post=63272"}],"curies":[{"name":"wp","href":"https:\/\/api.w.org\/{rel}","templated":true}]}}