{"id":63269,"date":"2025-06-04T15:43:43","date_gmt":"2025-06-04T15:43:43","guid":{"rendered":"https:\/\/lahora.mx\/?p=63269"},"modified":"2025-06-04T15:43:43","modified_gmt":"2025-06-04T15:43:43","slug":"incendio-en-italia-consume-facultad-de-universidad","status":"publish","type":"post","link":"https:\/\/lahora.mx\/index.php\/2025\/06\/04\/incendio-en-italia-consume-facultad-de-universidad\/","title":{"rendered":"Incendio en Italia consume facultad de Universidad"},"content":{"rendered":"\n<p>Un incendio consumi\u00f3 esta ma\u00f1ana el techo de la Facultad de Agricultura de la Universidad de Tuscia, en Viterbo, Italia.<\/p>\n\n\n\n<p>Las llamas obligaron a la evacuaci\u00f3n inmediata del campus de Riello, donde se ubica el inmueble; aunque no se reportaron v\u00edctimas fatales, s\u00ed se registraron da\u00f1os estructurales severos.<\/p>\n\n\n\n<p>El fuego comenz\u00f3 alrededor de las 10:15 horas \u2014tiempo local\u2014 en el techo del edificio donde se realizaban trabajos de remodelaci\u00f3n.<\/p>\n\n\n\n<p>Las llamas se propagaron con rapidez y alcanzaron el segundo piso del inmueble que colaps\u00f3 parcialmente, se\u00f1alaron reportes de medios italianos como TL2 Noticias y cuentas locales en redes sociales.<\/p>\n\n\n\n<p>\u201cDesde las 10:15 estamos trabajando con cuatro brigadas y refuerzos de Roma y Terni. El edificio fue evacuado. Ninguna persona involucrada\u201d, inform\u00f3 el cuerpo de bomberos Vigili del Fuoco en su cuenta oficial de X.<\/p>\n\n\n\n<p>Grabaciones de testigos mostraron una columna de humo negro dens\u00edsima elev\u00e1ndose sobre la ciudad que se pod\u00eda ver desde varios kil\u00f3metros de distancia.<\/p>\n\n\n\n<p>Esto porque al interior de la facultad italiana siniestrada combustionaron pl\u00e1sticos y productos qu\u00edmicos almacenados en los laboratorios.<\/p>\n\n\n\n<p>Por ello, autoridades activaron un per\u00edmetro de seguridad de 500 metros y exhortaron a los pobladores cerrar puertas y ventanas para evitar inhalar gases t\u00f3xicos.<\/p>\n\n\n\n<p>Aunque durante los primeros minutos se report\u00f3 un trabajador desaparecido que se encontraba en la azotea, horas despu\u00e9s lo encontraron con vida.<\/p>\n\n\n\n<p>En paralelo otros empleados y estudiantes presentaron s\u00edntomas de intoxicaci\u00f3n y fueron trasladados al hospital Santa Rosa.<\/p>\n\n\n\n<p>A\u00fan no confirman el origen del fuego. Versiones extraoficiales apuntan a una posible chispa durante las obras de renovaci\u00f3n o al mal manejo de sustancias inflamables en el edificio.<\/p>\n\n\n\n<p>La Universidad de Tuscia, reconocida por su especializaci\u00f3n en ciencias agr\u00edcolas y ambientales, suspendi\u00f3 sus actividades en el campus afectado y expres\u00f3 su consternaci\u00f3n a trav\u00e9s de un comunicado.<\/p>\n\n\n\n<p>\u201cResulta lastimoso que en instalaciones dedicadas al conocimiento del medio ambiente y al uso sustentable de recursos agr\u00edcolas, se presenten incidentes ligados al manejo inadecuado de materiales o fallas humanas que comprometen la vida acad\u00e9mica\u201d, declararon representantes estudiantiles.<\/p>\n\n\n\n<p>Las labores de enfriamiento continuaban al cierre de esta nota. La comunidad universitaria espera ahora claridad sobre las causas del incendio, as\u00ed como garant\u00edas para retomar sus actividades en condiciones de seguridad.<\/p>\n","protected":false},"excerpt":{"rendered":"<p>Un incendio consumi\u00f3 esta ma\u00f1ana el techo de la Facultad de Agricultura de la Universidad de Tuscia, en Viterbo, Italia. Las llamas obligaron a la evacuaci\u00f3n inmediata del campus de Riello, donde se ubica el inmueble; aunque no se reportaron v\u00edctimas fatales, s\u00ed se registraron da\u00f1os estructurales severos. El fuego comenz\u00f3 alrededor de las 10:15 [&hellip;]<\/p>\n","protected":false},"author":4,"featured_media":63270,"comment_status":"open","ping_status":"open","sticky":false,"template":"","format":"standard","meta":{"om_disable_all_campaigns":false,"_monsterinsights_skip_tracking":false,"_monsterinsights_sitenote_active":false,"_monsterinsights_sitenote_note":"","_monsterinsights_sitenote_category":0,"footnotes":""},"categories":[183],"tags":[],"class_list":["post-63269","post","type-post","status-publish","format-standard","has-post-thumbnail","hentry","category-internacional"],"amp_enabled":true,"_links":{"self":[{"href":"https:\/\/lahora.mx\/index.php\/wp-json\/wp\/v2\/posts\/63269","targetHints":{"allow":["GET"]}}],"collection":[{"href":"https:\/\/lahora.mx\/index.php\/wp-json\/wp\/v2\/posts"}],"about":[{"href":"https:\/\/lahora.mx\/index.php\/wp-json\/wp\/v2\/types\/post"}],"author":[{"embeddable":true,"href":"https:\/\/lahora.mx\/index.php\/wp-json\/wp\/v2\/users\/4"}],"replies":[{"embeddable":true,"href":"https:\/\/lahora.mx\/index.php\/wp-json\/wp\/v2\/comments?post=63269"}],"version-history":[{"count":1,"href":"https:\/\/lahora.mx\/index.php\/wp-json\/wp\/v2\/posts\/63269\/revisions"}],"predecessor-version":[{"id":63271,"href":"https:\/\/lahora.mx\/index.php\/wp-json\/wp\/v2\/posts\/63269\/revisions\/63271"}],"wp:featuredmedia":[{"embeddable":true,"href":"https:\/\/lahora.mx\/index.php\/wp-json\/wp\/v2\/media\/63270"}],"wp:attachment":[{"href":"https:\/\/lahora.mx\/index.php\/wp-json\/wp\/v2\/media?parent=63269"}],"wp:term":[{"taxonomy":"category","embeddable":true,"href":"https:\/\/lahora.mx\/index.php\/wp-json\/wp\/v2\/categories?post=63269"},{"taxonomy":"post_tag","embeddable":true,"href":"https:\/\/lahora.mx\/index.php\/wp-json\/wp\/v2\/tags?post=63269"}],"curies":[{"name":"wp","href":"https:\/\/api.w.org\/{rel}","templated":true}]}}