{"id":63266,"date":"2025-06-04T15:40:35","date_gmt":"2025-06-04T15:40:35","guid":{"rendered":"https:\/\/lahora.mx\/?p=63266"},"modified":"2025-06-04T15:40:36","modified_gmt":"2025-06-04T15:40:36","slug":"claudia-sheinbaum-califica-de-injusto-el-arancel-del-50-impuesto-por-eu","status":"publish","type":"post","link":"https:\/\/lahora.mx\/index.php\/2025\/06\/04\/claudia-sheinbaum-califica-de-injusto-el-arancel-del-50-impuesto-por-eu\/","title":{"rendered":"Claudia Sheinbaum califica de injusto el arancel del 50% impuesto por EU"},"content":{"rendered":"\n<p>La presidenta Claudia Sheinbaum se pronunci\u00f3 este martes 4 de junio sobre el reciente incremento del 50% en los aranceles al acero y aluminio mexicano por parte del gobierno de Estados Unidos, calific\u00e1ndolo como una medida injusta y carente de fundamento.<br><br>En conferencia de prensa, se\u00f1al\u00f3 que M\u00e9xico no exporta m\u00e1s de lo que importa en estos materiales, por lo que la acci\u00f3n carece de l\u00f3gica comercial.<\/p>\n\n\n\n<p>Sheinbaum subray\u00f3 que esta decisi\u00f3n contradice los principios del tratado de libre comercio vigente entre ambas naciones, lo que pone en duda su validez legal. Asegur\u00f3 que el gobierno considera esta pol\u00edtica como inviable a largo plazo y que tendr\u00e1 efectos negativos tanto en la econom\u00eda nacional como en la relaci\u00f3n bilateral.<\/p>\n\n\n\n<p>Como parte de la respuesta, a las 11:30 horas de hoy se sostendr\u00e1 una reuni\u00f3n con representantes del sector del acero y el aluminio para evaluar el impacto de esta medida y definir acciones concretas. Por su parte, el secretario de Econom\u00eda, Marcelo Ebrard, tendr\u00e1 un encuentro con su contraparte en Estados Unidos para buscar una salida diplom\u00e1tica.<\/p>\n\n\n\n<p>Sheinbaum aclar\u00f3 que, en caso de no llegar a un acuerdo, el gobierno mexicano no optar\u00e1 por represalias directas, sino que anunciar\u00e1 la pr\u00f3xima semana estrategias enfocadas en proteger la industria nacional y preservar los empleos. \u201cEsto no se trata de responder con ojo por ojo, sino de cuidar nuestra econom\u00eda y a quienes dependen de ella\u201d, declar\u00f3.<\/p>\n\n\n\n<p>\u00bfInteresado en conocer m\u00e1s sobre lo que sucede en Puebla? Haz clic aqu\u00ed para explorar m\u00e1s noticias hoy.<\/p>\n","protected":false},"excerpt":{"rendered":"<p>La presidenta Claudia Sheinbaum se pronunci\u00f3 este martes 4 de junio sobre el reciente incremento del 50% en los aranceles al acero y aluminio mexicano por parte del gobierno de Estados Unidos, calific\u00e1ndolo como una medida injusta y carente de fundamento. En conferencia de prensa, se\u00f1al\u00f3 que M\u00e9xico no exporta m\u00e1s de lo que importa [&hellip;]<\/p>\n","protected":false},"author":4,"featured_media":63267,"comment_status":"open","ping_status":"open","sticky":false,"template":"","format":"standard","meta":{"om_disable_all_campaigns":false,"_monsterinsights_skip_tracking":false,"_monsterinsights_sitenote_active":false,"_monsterinsights_sitenote_note":"","_monsterinsights_sitenote_category":0,"footnotes":""},"categories":[176],"tags":[],"class_list":["post-63266","post","type-post","status-publish","format-standard","has-post-thumbnail","hentry","category-nacional"],"amp_enabled":true,"_links":{"self":[{"href":"https:\/\/lahora.mx\/index.php\/wp-json\/wp\/v2\/posts\/63266","targetHints":{"allow":["GET"]}}],"collection":[{"href":"https:\/\/lahora.mx\/index.php\/wp-json\/wp\/v2\/posts"}],"about":[{"href":"https:\/\/lahora.mx\/index.php\/wp-json\/wp\/v2\/types\/post"}],"author":[{"embeddable":true,"href":"https:\/\/lahora.mx\/index.php\/wp-json\/wp\/v2\/users\/4"}],"replies":[{"embeddable":true,"href":"https:\/\/lahora.mx\/index.php\/wp-json\/wp\/v2\/comments?post=63266"}],"version-history":[{"count":1,"href":"https:\/\/lahora.mx\/index.php\/wp-json\/wp\/v2\/posts\/63266\/revisions"}],"predecessor-version":[{"id":63268,"href":"https:\/\/lahora.mx\/index.php\/wp-json\/wp\/v2\/posts\/63266\/revisions\/63268"}],"wp:featuredmedia":[{"embeddable":true,"href":"https:\/\/lahora.mx\/index.php\/wp-json\/wp\/v2\/media\/63267"}],"wp:attachment":[{"href":"https:\/\/lahora.mx\/index.php\/wp-json\/wp\/v2\/media?parent=63266"}],"wp:term":[{"taxonomy":"category","embeddable":true,"href":"https:\/\/lahora.mx\/index.php\/wp-json\/wp\/v2\/categories?post=63266"},{"taxonomy":"post_tag","embeddable":true,"href":"https:\/\/lahora.mx\/index.php\/wp-json\/wp\/v2\/tags?post=63266"}],"curies":[{"name":"wp","href":"https:\/\/api.w.org\/{rel}","templated":true}]}}