{"id":63257,"date":"2025-06-04T01:33:31","date_gmt":"2025-06-04T01:33:31","guid":{"rendered":"https:\/\/lahora.mx\/?p=63257"},"modified":"2025-06-04T01:33:32","modified_gmt":"2025-06-04T01:33:32","slug":"rehabilitan-85-calles-con-programa-bacheton-en-cholula","status":"publish","type":"post","link":"https:\/\/lahora.mx\/index.php\/2025\/06\/04\/rehabilitan-85-calles-con-programa-bacheton-en-cholula\/","title":{"rendered":"Rehabilitan 85 calles con programa \u201cBachet\u00f3n\u201d en Cholula"},"content":{"rendered":"\n<p>El gobierno municipal de San Pedro Cholula, encabezado por la presidenta Tonantzin Fern\u00e1ndez D\u00edaz, contin\u00faa con los trabajos correspondientes a la segunda etapa del programa \u201cBachet\u00f3n\u201d, puesto en marcha el pasado 18 de marzo con el objetivo de mejorar la infraestructura vial del municipio.<\/p>\n\n\n\n<p>De acuerdo con la Secretar\u00eda de Infraestructura y Servicios P\u00fablicos Generales, hasta el momento se han reparado alrededor de mil 250 baches, lo que ha permitido rehabilitar 85 calles, tanto en la cabecera municipal como en diversas juntas auxiliares.<\/p>\n\n\n\n<p>Las acciones se han enfocado en vialidades de alto flujo vehicular y puntos estrat\u00e9gicos que inciden directamente en la movilidad de la poblaci\u00f3n. El programa se ejecuta por cuadrantes, permitiendo una atenci\u00f3n ordenada y progresiva a lo largo del territorio municipal.<\/p>\n\n\n\n<p>A trav\u00e9s de un mensaje en sus redes sociales, la alcaldesa Tonantzin Fern\u00e1ndez reafirm\u00f3 el compromiso de su administraci\u00f3n con la mejora urbana.<\/p>\n\n\n\n<p>\u201cRecibimos un municipio lleno de baches, no de pretextos, y por ello seguimos trabajando diariamente para que nuestras calles est\u00e9n a la altura de su gente\u201d, escribi\u00f3.<\/p>\n\n\n\n<p>Las brigadas municipales continuar\u00e1n operando en las siguientes semanas para atender reportes ciudadanos y avanzar con el plan de mantenimiento vial. Las autoridades exhortan a la poblaci\u00f3n a seguir denunciando puntos afectados para acelerar su atenci\u00f3n.<\/p>\n","protected":false},"excerpt":{"rendered":"<p>El gobierno municipal de San Pedro Cholula, encabezado por la presidenta Tonantzin Fern\u00e1ndez D\u00edaz, contin\u00faa con los trabajos correspondientes a la segunda etapa del programa \u201cBachet\u00f3n\u201d, puesto en marcha el pasado 18 de marzo con el objetivo de mejorar la infraestructura vial del municipio. De acuerdo con la Secretar\u00eda de Infraestructura y Servicios P\u00fablicos Generales, [&hellip;]<\/p>\n","protected":false},"author":4,"featured_media":63258,"comment_status":"open","ping_status":"open","sticky":false,"template":"","format":"standard","meta":{"om_disable_all_campaigns":false,"_monsterinsights_skip_tracking":false,"_monsterinsights_sitenote_active":false,"_monsterinsights_sitenote_note":"","_monsterinsights_sitenote_category":0,"footnotes":""},"categories":[175],"tags":[234,223],"class_list":["post-63257","post","type-post","status-publish","format-standard","has-post-thumbnail","hentry","category-local","tag-cholula","tag-puebla"],"amp_enabled":true,"_links":{"self":[{"href":"https:\/\/lahora.mx\/index.php\/wp-json\/wp\/v2\/posts\/63257","targetHints":{"allow":["GET"]}}],"collection":[{"href":"https:\/\/lahora.mx\/index.php\/wp-json\/wp\/v2\/posts"}],"about":[{"href":"https:\/\/lahora.mx\/index.php\/wp-json\/wp\/v2\/types\/post"}],"author":[{"embeddable":true,"href":"https:\/\/lahora.mx\/index.php\/wp-json\/wp\/v2\/users\/4"}],"replies":[{"embeddable":true,"href":"https:\/\/lahora.mx\/index.php\/wp-json\/wp\/v2\/comments?post=63257"}],"version-history":[{"count":1,"href":"https:\/\/lahora.mx\/index.php\/wp-json\/wp\/v2\/posts\/63257\/revisions"}],"predecessor-version":[{"id":63259,"href":"https:\/\/lahora.mx\/index.php\/wp-json\/wp\/v2\/posts\/63257\/revisions\/63259"}],"wp:featuredmedia":[{"embeddable":true,"href":"https:\/\/lahora.mx\/index.php\/wp-json\/wp\/v2\/media\/63258"}],"wp:attachment":[{"href":"https:\/\/lahora.mx\/index.php\/wp-json\/wp\/v2\/media?parent=63257"}],"wp:term":[{"taxonomy":"category","embeddable":true,"href":"https:\/\/lahora.mx\/index.php\/wp-json\/wp\/v2\/categories?post=63257"},{"taxonomy":"post_tag","embeddable":true,"href":"https:\/\/lahora.mx\/index.php\/wp-json\/wp\/v2\/tags?post=63257"}],"curies":[{"name":"wp","href":"https:\/\/api.w.org\/{rel}","templated":true}]}}