{"id":63245,"date":"2025-06-03T23:29:08","date_gmt":"2025-06-03T23:29:08","guid":{"rendered":"https:\/\/lahora.mx\/?p=63245"},"modified":"2025-06-03T23:29:09","modified_gmt":"2025-06-03T23:29:09","slug":"presidira-la-corte-la-candidatura-que-haya-obtenido-mas-votos-aclara-ine","status":"publish","type":"post","link":"https:\/\/lahora.mx\/index.php\/2025\/06\/03\/presidira-la-corte-la-candidatura-que-haya-obtenido-mas-votos-aclara-ine\/","title":{"rendered":"Presidir\u00e1 la Corte la candidatura que haya obtenido m\u00e1s votos, aclara INE"},"content":{"rendered":"\n<p>La presidenta del INE, Guadalupe Taddei, aclar\u00f3 que la Suprema Corte de Justicia de la Naci\u00f3n (SCJN) ser\u00e1 presidida por el candidato a ministro que haya obtenido el mayor n\u00famero de votos en la primera elecci\u00f3n judicial luego de que la presidenta Claudia Sheinbaum dijera en su conferencia de esta ma\u00f1ana que corresponder\u00eda a ese organismo el determinarlo porque hay una parte en la Constituci\u00f3n que da preferencia a las mujeres.<\/p>\n\n\n\n<p>En conferencia de prensa y con el 93.44% de las actas computadas, Taddei dijo que no hay lugar a dudas de lo que establece el art\u00edculo 94 al se\u00f1alar que presidir\u00e1 la Corte por dos a\u00f1os el candidato que haya sido m\u00e1s votado, en cuyo caso se perfila Hugo Aguilar Ortiz, quien lleva hasta el momento 5 millones 431 mil 906 sufragios contra los 5 millones 158 mil 422 que registra Lenia Batres Guadarrama.<\/p>\n\n\n\n<p>\u00abLa asignaci\u00f3n de cargos inicia por mujeres para dar oportunidad de que sean cinco las mujeres que integren la Suprema Corte de Justicia de la Naci\u00f3n, eso no significa que la presidencia est\u00e1 establecido que tambi\u00e9n se inicie por mujer. En la propia reforma qued\u00f3 clar\u00edsimo en el art\u00edculo 94 que la candidatura que haya obtenido la mayor votaci\u00f3n ser\u00e1 la que presida los dos a\u00f1os y de manera subsecuente los que hayan quedado en los lugares siguientes\u00bb, explic\u00f3.<\/p>\n\n\n\n<p>La presidenta del INE aclar\u00f3 que lo que dice la ley respecto a darle preferencia a las mujeres corresponde a las candidaturas, por lo que la Corte ser\u00e1 integrada por cinco ministras y cuatro hombres. Con ello, con el avance de los c\u00f3mputos, quienes integrar\u00edan el m\u00e1ximo tribunal ser\u00edan:<\/p>\n\n\n\n<p>Mujeres<\/p>\n\n\n\n<p>Lenia Batres Guadarrama<br>Yasm\u00edn Esquivel Mossa<br>Loretta Ortiz Ahlf<br>Mar\u00eda Estela R\u00edos Gonz\u00e1lez<br>Sara Irene Herrer\u00edas Guerra<br>Hombres<\/p>\n\n\n\n<p>GLYCOGEN PLUS<br>Tu presi\u00f3n ser\u00e1 120\/80 y tus arterias limpias en 7 d\u00edas<br>M\u00c1S INFORMACI\u00d3N<br>Hugo Aguilar Ortiz<br>Giovanni Azael Figueroa Mej\u00eda<br>Irving Espinosa Betanzo<br>Aristides Rodrigo Guerrero Garc\u00eda<br>INE alista constancias de mayor\u00eda para la Corte<br>Con el avance del c\u00f3mputo de las actas, el INE trabaja para tener listas las constancias de mayor\u00eda que reconocen el triunfo de las nueve candidaturas que intregar\u00e1n la Suprema Corte, entre ellas la que obtuvo el mayor n\u00famero de votos, con lo que adem\u00e1s de ser ministro ser\u00e1 quien presidir\u00e1 el m\u00e1ximo tribunal.<\/p>\n\n\n\n<p>La presidenta del INE, Guadalupe Taddei, aclar\u00f3 que en la constancia de mayor\u00eda para el candidato con la mayor votaci\u00f3n se especificar\u00e1 que ser\u00e1 el presidente de la Corte, ya que en la ley no marca que sean los nuevos integrantes del m\u00e1ximo tribunal las que lo definan.<\/p>\n\n\n\n<p>Agreg\u00f3 que este d\u00eda concluir\u00e1 el c\u00f3mputo de las actas y ser\u00e1 el pr\u00f3ximo 15 de junio cuando se declarar\u00e1 la validez de la elecci\u00f3n y se proceder\u00e1 a entregar las constancias de mayor\u00eda.<\/p>\n","protected":false},"excerpt":{"rendered":"<p>La presidenta del INE, Guadalupe Taddei, aclar\u00f3 que la Suprema Corte de Justicia de la Naci\u00f3n (SCJN) ser\u00e1 presidida por el candidato a ministro que haya obtenido el mayor n\u00famero de votos en la primera elecci\u00f3n judicial luego de que la presidenta Claudia Sheinbaum dijera en su conferencia de esta ma\u00f1ana que corresponder\u00eda a ese [&hellip;]<\/p>\n","protected":false},"author":4,"featured_media":63246,"comment_status":"open","ping_status":"open","sticky":false,"template":"","format":"standard","meta":{"om_disable_all_campaigns":false,"_monsterinsights_skip_tracking":false,"_monsterinsights_sitenote_active":false,"_monsterinsights_sitenote_note":"","_monsterinsights_sitenote_category":0,"footnotes":""},"categories":[176],"tags":[],"class_list":["post-63245","post","type-post","status-publish","format-standard","has-post-thumbnail","hentry","category-nacional"],"amp_enabled":true,"_links":{"self":[{"href":"https:\/\/lahora.mx\/index.php\/wp-json\/wp\/v2\/posts\/63245","targetHints":{"allow":["GET"]}}],"collection":[{"href":"https:\/\/lahora.mx\/index.php\/wp-json\/wp\/v2\/posts"}],"about":[{"href":"https:\/\/lahora.mx\/index.php\/wp-json\/wp\/v2\/types\/post"}],"author":[{"embeddable":true,"href":"https:\/\/lahora.mx\/index.php\/wp-json\/wp\/v2\/users\/4"}],"replies":[{"embeddable":true,"href":"https:\/\/lahora.mx\/index.php\/wp-json\/wp\/v2\/comments?post=63245"}],"version-history":[{"count":1,"href":"https:\/\/lahora.mx\/index.php\/wp-json\/wp\/v2\/posts\/63245\/revisions"}],"predecessor-version":[{"id":63247,"href":"https:\/\/lahora.mx\/index.php\/wp-json\/wp\/v2\/posts\/63245\/revisions\/63247"}],"wp:featuredmedia":[{"embeddable":true,"href":"https:\/\/lahora.mx\/index.php\/wp-json\/wp\/v2\/media\/63246"}],"wp:attachment":[{"href":"https:\/\/lahora.mx\/index.php\/wp-json\/wp\/v2\/media?parent=63245"}],"wp:term":[{"taxonomy":"category","embeddable":true,"href":"https:\/\/lahora.mx\/index.php\/wp-json\/wp\/v2\/categories?post=63245"},{"taxonomy":"post_tag","embeddable":true,"href":"https:\/\/lahora.mx\/index.php\/wp-json\/wp\/v2\/tags?post=63245"}],"curies":[{"name":"wp","href":"https:\/\/api.w.org\/{rel}","templated":true}]}}