{"id":63238,"date":"2025-06-03T23:00:31","date_gmt":"2025-06-03T23:00:31","guid":{"rendered":"https:\/\/lahora.mx\/?p=63238"},"modified":"2025-06-03T23:00:31","modified_gmt":"2025-06-03T23:00:31","slug":"bikers-se-manifiestan-frente-al-congreso-contra-la-ley-de-movilidad","status":"publish","type":"post","link":"https:\/\/lahora.mx\/index.php\/2025\/06\/03\/bikers-se-manifiestan-frente-al-congreso-contra-la-ley-de-movilidad\/","title":{"rendered":"Bikers se manifiestan frente al Congreso contra la Ley de Movilidad"},"content":{"rendered":"\n<p>Cientos de motociclistas se manifestaron afuera del Congreso del Estado en contra del uso obligatorio de chaleco con el n\u00famero de placa y el sticker de matr\u00edcula en el casco, previsto en la reforma de la Ley de Movilidad que regula el uso de motos.<\/p>\n\n\n\n<p>Una comisi\u00f3n de 10 representantes fue recibida por los legisladores, mientras el resto del contingente de motociclistas permanece sobre la 2 Norte en espera de que sus compa\u00f1eros salgan de la reuni\u00f3n con diputados locales.<\/p>\n\n\n\n<p>Desde las 9:00 horas, agrupaciones de motociclistas se congregaron en la zona de San Francisco para realizar una manifestaci\u00f3n en caravana hacia el Congreso del Estado en Los Fuertes.<\/p>\n\n\n\n<p>Por otra parte, elementos de seguridad resguardaron el Congreso del Estado y sus inmediaciones con vallas para evitar el acceso a los motociclistas.<\/p>\n\n\n\n<p>Integrantes de las agrupaciones motociclistas dieron sus opiniones, como la de Mariana Flores quien inform\u00f3 que se reunieron ayer con la diputada Laura Artemisa Garc\u00eda y hubo coincidencias en los diferentes puntos que prev\u00e9n las reformas a Ley de Movilidad para regular el uso de motos, excepto en la portaci\u00f3n de la matr\u00edcula en casco y chaleco.<\/p>\n\n\n\n<p>De esta manera, propusieron mesas de trabajo para discutir otras alternativas adem\u00e1s de presentaron algunas ideas que podr\u00edan favorecer el reglamento como el uso de chips.<\/p>\n\n\n\n<p>Los legisladores propusieron recibir a una comisi\u00f3n integrada por 10 representantes y en este momento se encuentran en la sede del legislativo. El resto de los motociclistas afirmaron que permanecer\u00edan en el lugar y mantendr\u00edan cerrada la 2 Norte mientras la reuni\u00f3n se lleva a cabo al interior del edificio del Congreso.<\/p>\n","protected":false},"excerpt":{"rendered":"<p>Cientos de motociclistas se manifestaron afuera del Congreso del Estado en contra del uso obligatorio de chaleco con el n\u00famero de placa y el sticker de matr\u00edcula en el casco, previsto en la reforma de la Ley de Movilidad que regula el uso de motos. Una comisi\u00f3n de 10 representantes fue recibida por los legisladores, [&hellip;]<\/p>\n","protected":false},"author":4,"featured_media":63240,"comment_status":"open","ping_status":"open","sticky":false,"template":"","format":"standard","meta":{"om_disable_all_campaigns":false,"_monsterinsights_skip_tracking":false,"_monsterinsights_sitenote_active":false,"_monsterinsights_sitenote_note":"","_monsterinsights_sitenote_category":0,"footnotes":""},"categories":[175],"tags":[195,223],"class_list":["post-63238","post","type-post","status-publish","format-standard","has-post-thumbnail","hentry","category-local","tag-principal","tag-puebla"],"amp_enabled":true,"_links":{"self":[{"href":"https:\/\/lahora.mx\/index.php\/wp-json\/wp\/v2\/posts\/63238","targetHints":{"allow":["GET"]}}],"collection":[{"href":"https:\/\/lahora.mx\/index.php\/wp-json\/wp\/v2\/posts"}],"about":[{"href":"https:\/\/lahora.mx\/index.php\/wp-json\/wp\/v2\/types\/post"}],"author":[{"embeddable":true,"href":"https:\/\/lahora.mx\/index.php\/wp-json\/wp\/v2\/users\/4"}],"replies":[{"embeddable":true,"href":"https:\/\/lahora.mx\/index.php\/wp-json\/wp\/v2\/comments?post=63238"}],"version-history":[{"count":1,"href":"https:\/\/lahora.mx\/index.php\/wp-json\/wp\/v2\/posts\/63238\/revisions"}],"predecessor-version":[{"id":63241,"href":"https:\/\/lahora.mx\/index.php\/wp-json\/wp\/v2\/posts\/63238\/revisions\/63241"}],"wp:featuredmedia":[{"embeddable":true,"href":"https:\/\/lahora.mx\/index.php\/wp-json\/wp\/v2\/media\/63240"}],"wp:attachment":[{"href":"https:\/\/lahora.mx\/index.php\/wp-json\/wp\/v2\/media?parent=63238"}],"wp:term":[{"taxonomy":"category","embeddable":true,"href":"https:\/\/lahora.mx\/index.php\/wp-json\/wp\/v2\/categories?post=63238"},{"taxonomy":"post_tag","embeddable":true,"href":"https:\/\/lahora.mx\/index.php\/wp-json\/wp\/v2\/tags?post=63238"}],"curies":[{"name":"wp","href":"https:\/\/api.w.org\/{rel}","templated":true}]}}