{"id":63235,"date":"2025-06-03T21:50:28","date_gmt":"2025-06-03T21:50:28","guid":{"rendered":"https:\/\/lahora.mx\/?p=63235"},"modified":"2025-06-03T22:47:01","modified_gmt":"2025-06-03T22:47:01","slug":"puebla-ejemplo-deportivo-en-sintonia-con-la-politica-de-la-dra-sheinbaum-con-los-juegos-nacionales-2025","status":"publish","type":"post","link":"https:\/\/lahora.mx\/index.php\/2025\/06\/03\/puebla-ejemplo-deportivo-en-sintonia-con-la-politica-de-la-dra-sheinbaum-con-los-juegos-nacionales-2025\/","title":{"rendered":"Puebla ejemplo deportivo en sinton\u00eda con la pol\u00edtica de la Dra. Sheinbaum con los Juegos Nacionales 2025"},"content":{"rendered":"\n<p>Durante la Presentaci\u00f3n de los Juegos Deportivos Nacionales Escolares 2025, el secretario de Educaci\u00f3n federal, Mario Delgado afirm\u00f3 que el director de la Comisi\u00f3n Nacional del Deporte (CONADE) encontr\u00f3 en el gobernador Alejandro Armenta, a un apasionado del deporte y la educaci\u00f3n y en Puebla, al lugar id\u00f3neo para albergar esta importante justa deportiva.<\/p>\n\n\n\n<p>El funcionario federal explic\u00f3 que el objetivo del gobierno que encabeza la presidenta Claudia Sheinbaum, es lograr que esta generaci\u00f3n sea la m\u00e1s fuerte, la m\u00e1s saludable y la m\u00e1s feliz de la historia de M\u00e9xico.<\/p>\n\n\n\n<p>Durante el acto, Rommel Pacheco, director de la Comisi\u00f3n Nacional de Deporte (CONADE) confirm\u00f3 que Puebla sald\u00f3 su deuda hist\u00f3rica con la CONADE, lo que permiti\u00f3 su designaci\u00f3n como sede. Alejandro Armenta afirm\u00f3 con orgullo: \u201cPuebla estuvo rezagada en el tema deportivo, pero hoy volvemos a ser el centro de las competencias nacionales\u201d. Tambi\u00e9n reconoci\u00f3 el esfuerzo de su gabinete y el respaldo federal para hacer de esta edici\u00f3n una celebraci\u00f3n de la juventud, el talento y la salud.<\/p>\n\n\n\n<p>Desde el evento celebrado en la Secundaria No. 51 \u201cProfesor Carlos Ben\u00edtez Delorme\u201d, el gobernador Alejandro Armenta se\u00f1al\u00f3 que el inter\u00e9s de su administraci\u00f3n es que Puebla est\u00e9 en el coraz\u00f3n de las y los mexicanos. Expres\u00f3 su deseo de quee esta olimpiada escolar 2025 sea \u201cuna experiencia inolvidable, llena de amor, educaci\u00f3n y valores\u201d.<\/p>\n\n\n\n<p>En su intervenci\u00f3n, Renata Mu\u00f1oz Paredes, atleta y estudiante poblana, tom\u00f3 la palabra a nombre de sus compa\u00f1eras y compa\u00f1eros y agradeci\u00f3 a todos los que hacen posible estos juegos, \u201cVamos a dar lo mejor de nosotros en cada competencia. Esta ser\u00e1 una experiencia inolvidable\u201d.<\/p>\n\n\n\n<p>A los Juegos Deportivos Nacionales Escolares 2025, de los que Puebla ser\u00e1 sede, asistir\u00e1n m\u00e1s de 21 mil estudiantes de primaria, secundaria y bachillerato de las 32 entidades federativas; mismos que ser\u00e1n recibidos a partir de la segunda quincena este mes.<\/p>\n","protected":false},"excerpt":{"rendered":"<p>Durante la Presentaci\u00f3n de los Juegos Deportivos Nacionales Escolares 2025, el secretario de Educaci\u00f3n federal, Mario Delgado afirm\u00f3 que el director de la Comisi\u00f3n Nacional del Deporte (CONADE) encontr\u00f3 en el gobernador Alejandro Armenta, a un apasionado del deporte y la educaci\u00f3n y en Puebla, al lugar id\u00f3neo para albergar esta importante justa deportiva. El [&hellip;]<\/p>\n","protected":false},"author":4,"featured_media":63236,"comment_status":"open","ping_status":"open","sticky":false,"template":"","format":"standard","meta":{"om_disable_all_campaigns":false,"_monsterinsights_skip_tracking":false,"_monsterinsights_sitenote_active":false,"_monsterinsights_sitenote_note":"","_monsterinsights_sitenote_category":0,"footnotes":""},"categories":[175],"tags":[239,195,223],"class_list":["post-63235","post","type-post","status-publish","format-standard","has-post-thumbnail","hentry","category-local","tag-gobierno","tag-principal","tag-puebla"],"amp_enabled":true,"_links":{"self":[{"href":"https:\/\/lahora.mx\/index.php\/wp-json\/wp\/v2\/posts\/63235","targetHints":{"allow":["GET"]}}],"collection":[{"href":"https:\/\/lahora.mx\/index.php\/wp-json\/wp\/v2\/posts"}],"about":[{"href":"https:\/\/lahora.mx\/index.php\/wp-json\/wp\/v2\/types\/post"}],"author":[{"embeddable":true,"href":"https:\/\/lahora.mx\/index.php\/wp-json\/wp\/v2\/users\/4"}],"replies":[{"embeddable":true,"href":"https:\/\/lahora.mx\/index.php\/wp-json\/wp\/v2\/comments?post=63235"}],"version-history":[{"count":1,"href":"https:\/\/lahora.mx\/index.php\/wp-json\/wp\/v2\/posts\/63235\/revisions"}],"predecessor-version":[{"id":63237,"href":"https:\/\/lahora.mx\/index.php\/wp-json\/wp\/v2\/posts\/63235\/revisions\/63237"}],"wp:featuredmedia":[{"embeddable":true,"href":"https:\/\/lahora.mx\/index.php\/wp-json\/wp\/v2\/media\/63236"}],"wp:attachment":[{"href":"https:\/\/lahora.mx\/index.php\/wp-json\/wp\/v2\/media?parent=63235"}],"wp:term":[{"taxonomy":"category","embeddable":true,"href":"https:\/\/lahora.mx\/index.php\/wp-json\/wp\/v2\/categories?post=63235"},{"taxonomy":"post_tag","embeddable":true,"href":"https:\/\/lahora.mx\/index.php\/wp-json\/wp\/v2\/tags?post=63235"}],"curies":[{"name":"wp","href":"https:\/\/api.w.org\/{rel}","templated":true}]}}