{"id":63226,"date":"2025-06-03T16:52:42","date_gmt":"2025-06-03T16:52:42","guid":{"rendered":"https:\/\/lahora.mx\/?p=63226"},"modified":"2025-06-03T16:52:42","modified_gmt":"2025-06-03T16:52:42","slug":"inaugura-pepe-chedraui-modernizacion-total-del-alumbrado-publico-en-tres-cruces","status":"publish","type":"post","link":"https:\/\/lahora.mx\/index.php\/2025\/06\/03\/inaugura-pepe-chedraui-modernizacion-total-del-alumbrado-publico-en-tres-cruces\/","title":{"rendered":"Inaugura Pepe Chedraui modernizaci\u00f3n total del alumbrado p\u00fablico en Tres Cruces"},"content":{"rendered":"\n<p>Puebla, Pue., 03 de junio de 2025.- Comprometido con la construcci\u00f3n de una ciudad de vanguardia, iluminada y segura, el presidente municipal Pepe Chedraui Budib, inaugur\u00f3 la modernizaci\u00f3n de 76 luminarias con tecnolog\u00eda LED, as\u00ed como la instalaci\u00f3n de 20 nuevos puntos de luz, en la colonia Tres Cruces, en beneficio de m\u00e1s de ocho mil habitantes gracias a la estrategia Puebla Brilla.<\/p>\n\n\n\n<p>El presidente municipal Pepe Chedraui reafirm\u00f3 su compromiso con una Puebla eficaz, eficiente y bien iluminada al inaugurar la modernizaci\u00f3n total del alumbrado p\u00fablico en esta zona.<\/p>\n\n\n\n<p>\u00abEsta estrategia refleja la visi\u00f3n del Gobierno municipal de transformar la ciudad con obras integrales que mejoren la calidad de vida de las y los poblanos, promoviendo espacios p\u00fablicos m\u00e1s, eficientes y amigables con el medio ambiente\u00bb, agreg\u00f3.<\/p>\n\n\n\n<p>Con esta acci\u00f3n a trav\u00e9s de la Secretar\u00eda de Servicios P\u00fablicos, el universo total de 672 luminarias en dicha colonia cuenta ahora con tecnolog\u00eda LED, lo que mejora la visibilidad y la seguridad en el espacio p\u00fablico, adem\u00e1s de contribuir a la eficiencia energ\u00e9tica y al cuidado del medio ambiente.<\/p>\n\n\n\n<p>En su mensaje, el secretario de Servicios P\u00fablicos, Clemente G\u00f3mez Medina, celebr\u00f3 que una colonia m\u00e1s se sume a la modernizaci\u00f3n con tecnolog\u00eda LED de su parque lum\u00ednico, gracias al liderazgo del presidente Pepe Chedraui para impulsar acciones bien y a la primera de manera integral en la capital.<\/p>\n\n\n\n<p>El Gobierno de la Ciudad impulsa la estrategia Puebla Brilla para garantizar una ciudad m\u00e1s segura, eficiente y sostenible a favor de las familias poblanas, sobre todo en las zonas con m\u00e1s necesidad de este servicio p\u00fablico.<\/p>\n","protected":false},"excerpt":{"rendered":"<p>Puebla, Pue., 03 de junio de 2025.- Comprometido con la construcci\u00f3n de una ciudad de vanguardia, iluminada y segura, el presidente municipal Pepe Chedraui Budib, inaugur\u00f3 la modernizaci\u00f3n de 76 luminarias con tecnolog\u00eda LED, as\u00ed como la instalaci\u00f3n de 20 nuevos puntos de luz, en la colonia Tres Cruces, en beneficio de m\u00e1s de ocho [&hellip;]<\/p>\n","protected":false},"author":4,"featured_media":63227,"comment_status":"open","ping_status":"open","sticky":false,"template":"","format":"standard","meta":{"om_disable_all_campaigns":false,"_monsterinsights_skip_tracking":false,"_monsterinsights_sitenote_active":false,"_monsterinsights_sitenote_note":"","_monsterinsights_sitenote_category":0,"footnotes":""},"categories":[175],"tags":[223],"class_list":["post-63226","post","type-post","status-publish","format-standard","has-post-thumbnail","hentry","category-local","tag-puebla"],"amp_enabled":true,"_links":{"self":[{"href":"https:\/\/lahora.mx\/index.php\/wp-json\/wp\/v2\/posts\/63226","targetHints":{"allow":["GET"]}}],"collection":[{"href":"https:\/\/lahora.mx\/index.php\/wp-json\/wp\/v2\/posts"}],"about":[{"href":"https:\/\/lahora.mx\/index.php\/wp-json\/wp\/v2\/types\/post"}],"author":[{"embeddable":true,"href":"https:\/\/lahora.mx\/index.php\/wp-json\/wp\/v2\/users\/4"}],"replies":[{"embeddable":true,"href":"https:\/\/lahora.mx\/index.php\/wp-json\/wp\/v2\/comments?post=63226"}],"version-history":[{"count":1,"href":"https:\/\/lahora.mx\/index.php\/wp-json\/wp\/v2\/posts\/63226\/revisions"}],"predecessor-version":[{"id":63228,"href":"https:\/\/lahora.mx\/index.php\/wp-json\/wp\/v2\/posts\/63226\/revisions\/63228"}],"wp:featuredmedia":[{"embeddable":true,"href":"https:\/\/lahora.mx\/index.php\/wp-json\/wp\/v2\/media\/63227"}],"wp:attachment":[{"href":"https:\/\/lahora.mx\/index.php\/wp-json\/wp\/v2\/media?parent=63226"}],"wp:term":[{"taxonomy":"category","embeddable":true,"href":"https:\/\/lahora.mx\/index.php\/wp-json\/wp\/v2\/categories?post=63226"},{"taxonomy":"post_tag","embeddable":true,"href":"https:\/\/lahora.mx\/index.php\/wp-json\/wp\/v2\/tags?post=63226"}],"curies":[{"name":"wp","href":"https:\/\/api.w.org\/{rel}","templated":true}]}}