{"id":63214,"date":"2025-06-03T16:22:59","date_gmt":"2025-06-03T16:22:59","guid":{"rendered":"https:\/\/lahora.mx\/?p=63214"},"modified":"2025-06-03T16:22:59","modified_gmt":"2025-06-03T16:22:59","slug":"tromba-desborda-el-rio-nexapa-e-inunda-colonia-el-pedregal-en-tepeojuma","status":"publish","type":"post","link":"https:\/\/lahora.mx\/index.php\/2025\/06\/03\/tromba-desborda-el-rio-nexapa-e-inunda-colonia-el-pedregal-en-tepeojuma\/","title":{"rendered":"Tromba desborda el r\u00edo Nexapa e inunda colonia El Pedregal en Tepeojuma"},"content":{"rendered":"\n<p>Una tromba registrada la noche del lunes 2 de junio provoc\u00f3 el desbordamiento del r\u00edo Nexapa, lo que ocasion\u00f3 la inundaci\u00f3n de una colonia en el municipio de Tepeojuma, generando momentos de alarma entre la poblaci\u00f3n.<\/p>\n\n\n\n<p>La zona m\u00e1s afectada fue El Pedregal, donde m\u00e1s de 500 habitantes vieron c\u00f3mo el agua entraba en sus viviendas, da\u00f1ando enseres, muebles y pertenencias. Algunas familias tuvieron que refugiarse en los techos de sus casas para mantenerse a salvo.<\/p>\n\n\n\n<p>El presidente municipal, Gustavo S\u00e1nchez Marti\u00f1\u00f3n, inform\u00f3 a trav\u00e9s de sus redes sociales sobre los hechos y las acciones de atenci\u00f3n a las personas afectadas.<\/p>\n\n\n\n<p><\/p>\n\n\n\n<p>Los trabajos de limpieza para retirar lodo y maleza arrastrados por el agua comenzaron de inmediato, se detuvieron a las cinco de la ma\u00f1ana de este martes y fueron reanudados m\u00e1s tarde.<\/p>\n\n\n\n<p>\u201cEl agua alcanz\u00f3 m\u00e1s de dos metros de altura y tuvo la fuerza para arrastrar \u00e1rboles, tinacos, toneles, tanques de gas y bardas. Fue un desaf\u00edo enorme, momentos de verdadera angustia vivieron los vecinos, quienes atrapados en techos o dentro de las casas pudieron salvar la vida\u201d, comparti\u00f3 el edil.<\/p>\n\n\n\n<p>S\u00e1nchez Marti\u00f1\u00f3n hizo un llamado solidario para donar alimentos, art\u00edculos de limpieza, palas, jaladores, escobas, carretillas y convoc\u00f3 a voluntarios que apoyen en la limpieza de las viviendas.<\/p>\n\n\n\n<p>Tambi\u00e9n se reportaron inundaciones en La Galarza, junta auxiliar del municipio de Iz\u00facar de Matamoros, debido al desbordamiento del mismo cauce, que en ese tramo toma el nombre de r\u00edo Nexapa.<\/p>\n","protected":false},"excerpt":{"rendered":"<p>Una tromba registrada la noche del lunes 2 de junio provoc\u00f3 el desbordamiento del r\u00edo Nexapa, lo que ocasion\u00f3 la inundaci\u00f3n de una colonia en el municipio de Tepeojuma, generando momentos de alarma entre la poblaci\u00f3n. La zona m\u00e1s afectada fue El Pedregal, donde m\u00e1s de 500 habitantes vieron c\u00f3mo el agua entraba en sus [&hellip;]<\/p>\n","protected":false},"author":4,"featured_media":63215,"comment_status":"open","ping_status":"open","sticky":false,"template":"","format":"standard","meta":{"om_disable_all_campaigns":false,"_monsterinsights_skip_tracking":false,"_monsterinsights_sitenote_active":false,"_monsterinsights_sitenote_note":"","_monsterinsights_sitenote_category":0,"footnotes":""},"categories":[175],"tags":[223],"class_list":["post-63214","post","type-post","status-publish","format-standard","has-post-thumbnail","hentry","category-local","tag-puebla"],"amp_enabled":true,"_links":{"self":[{"href":"https:\/\/lahora.mx\/index.php\/wp-json\/wp\/v2\/posts\/63214","targetHints":{"allow":["GET"]}}],"collection":[{"href":"https:\/\/lahora.mx\/index.php\/wp-json\/wp\/v2\/posts"}],"about":[{"href":"https:\/\/lahora.mx\/index.php\/wp-json\/wp\/v2\/types\/post"}],"author":[{"embeddable":true,"href":"https:\/\/lahora.mx\/index.php\/wp-json\/wp\/v2\/users\/4"}],"replies":[{"embeddable":true,"href":"https:\/\/lahora.mx\/index.php\/wp-json\/wp\/v2\/comments?post=63214"}],"version-history":[{"count":1,"href":"https:\/\/lahora.mx\/index.php\/wp-json\/wp\/v2\/posts\/63214\/revisions"}],"predecessor-version":[{"id":63216,"href":"https:\/\/lahora.mx\/index.php\/wp-json\/wp\/v2\/posts\/63214\/revisions\/63216"}],"wp:featuredmedia":[{"embeddable":true,"href":"https:\/\/lahora.mx\/index.php\/wp-json\/wp\/v2\/media\/63215"}],"wp:attachment":[{"href":"https:\/\/lahora.mx\/index.php\/wp-json\/wp\/v2\/media?parent=63214"}],"wp:term":[{"taxonomy":"category","embeddable":true,"href":"https:\/\/lahora.mx\/index.php\/wp-json\/wp\/v2\/categories?post=63214"},{"taxonomy":"post_tag","embeddable":true,"href":"https:\/\/lahora.mx\/index.php\/wp-json\/wp\/v2\/tags?post=63214"}],"curies":[{"name":"wp","href":"https:\/\/api.w.org\/{rel}","templated":true}]}}