{"id":63207,"date":"2025-06-03T15:41:18","date_gmt":"2025-06-03T15:41:18","guid":{"rendered":"https:\/\/lahora.mx\/?p=63207"},"modified":"2025-06-03T15:41:19","modified_gmt":"2025-06-03T15:41:19","slug":"tromba-afecta-a-familias-de-tepojuma-e-izucar-de-matamoros","status":"publish","type":"post","link":"https:\/\/lahora.mx\/index.php\/2025\/06\/03\/tromba-afecta-a-familias-de-tepojuma-e-izucar-de-matamoros\/","title":{"rendered":"Tromba afecta a familias de Tepojuma e Iz\u00facar de Matamoros"},"content":{"rendered":"\n<p>Aproximadamente 70 familias que residen en los municipios de Iz\u00facar de Matamoros y Tepeojuma resultaron afectadas tras una tromba.<\/p>\n\n\n\n<p>Esta tarde de lunes y noche de lunes, se registr\u00f3 el fuerte fen\u00f3meno meteorol\u00f3gico en dichas regiones, por lo que en Iz\u00facar, alrededor de 40 familias que viven en la comunidad de La Galarza padecieron graves da\u00f1os a las estructuras de sus viviendas.<\/p>\n\n\n\n<p>Asimismo, habitantes de la colonia el Pedregal en Tepeojuma sufrieron los embates de la tromba, quedando aproximadamente 25 familias afectadas.<\/p>\n\n\n\n<p>Por lo anterior el edil de Iz\u00facar, Eliseo Morales Rosales indic\u00f3 que ser\u00e1 este martes cuando se haga una cuantificaci\u00f3n real de los da\u00f1os y se espera que las autoridades estatales y federales apoyen al municipio.<\/p>\n\n\n\n<p>Por su parte, Gustavo S\u00e1nchez Marti\u00f1\u00f3n edil de Tepeojuma, confirm\u00f3 que adem\u00e1s de la colonia El Pedregal, tambi\u00e9n se vieron afectados colonos de Independencia, El Jag\u00fcey y Guadalupe.<\/p>\n\n\n\n<p>Se espera que m\u00e1s adelante se d\u00e9 el dato exacto de los da\u00f1os que pobladores de ambas regiones sufrieron.<\/p>\n","protected":false},"excerpt":{"rendered":"<p>Aproximadamente 70 familias que residen en los municipios de Iz\u00facar de Matamoros y Tepeojuma resultaron afectadas tras una tromba. Esta tarde de lunes y noche de lunes, se registr\u00f3 el fuerte fen\u00f3meno meteorol\u00f3gico en dichas regiones, por lo que en Iz\u00facar, alrededor de 40 familias que viven en la comunidad de La Galarza padecieron graves [&hellip;]<\/p>\n","protected":false},"author":4,"featured_media":63209,"comment_status":"open","ping_status":"open","sticky":false,"template":"","format":"standard","meta":{"om_disable_all_campaigns":false,"_monsterinsights_skip_tracking":false,"_monsterinsights_sitenote_active":false,"_monsterinsights_sitenote_note":"","_monsterinsights_sitenote_category":0,"footnotes":""},"categories":[175],"tags":[223],"class_list":["post-63207","post","type-post","status-publish","format-standard","has-post-thumbnail","hentry","category-local","tag-puebla"],"amp_enabled":true,"_links":{"self":[{"href":"https:\/\/lahora.mx\/index.php\/wp-json\/wp\/v2\/posts\/63207","targetHints":{"allow":["GET"]}}],"collection":[{"href":"https:\/\/lahora.mx\/index.php\/wp-json\/wp\/v2\/posts"}],"about":[{"href":"https:\/\/lahora.mx\/index.php\/wp-json\/wp\/v2\/types\/post"}],"author":[{"embeddable":true,"href":"https:\/\/lahora.mx\/index.php\/wp-json\/wp\/v2\/users\/4"}],"replies":[{"embeddable":true,"href":"https:\/\/lahora.mx\/index.php\/wp-json\/wp\/v2\/comments?post=63207"}],"version-history":[{"count":1,"href":"https:\/\/lahora.mx\/index.php\/wp-json\/wp\/v2\/posts\/63207\/revisions"}],"predecessor-version":[{"id":63210,"href":"https:\/\/lahora.mx\/index.php\/wp-json\/wp\/v2\/posts\/63207\/revisions\/63210"}],"wp:featuredmedia":[{"embeddable":true,"href":"https:\/\/lahora.mx\/index.php\/wp-json\/wp\/v2\/media\/63209"}],"wp:attachment":[{"href":"https:\/\/lahora.mx\/index.php\/wp-json\/wp\/v2\/media?parent=63207"}],"wp:term":[{"taxonomy":"category","embeddable":true,"href":"https:\/\/lahora.mx\/index.php\/wp-json\/wp\/v2\/categories?post=63207"},{"taxonomy":"post_tag","embeddable":true,"href":"https:\/\/lahora.mx\/index.php\/wp-json\/wp\/v2\/tags?post=63207"}],"curies":[{"name":"wp","href":"https:\/\/api.w.org\/{rel}","templated":true}]}}