{"id":63197,"date":"2025-06-01T00:26:20","date_gmt":"2025-06-01T00:26:20","guid":{"rendered":"https:\/\/lahora.mx\/?p=63197"},"modified":"2025-06-03T00:29:32","modified_gmt":"2025-06-03T00:29:32","slug":"pepe-chedraui-anuncia-incremento-a-27-cuadrillas-para-bacheo","status":"publish","type":"post","link":"https:\/\/lahora.mx\/index.php\/2025\/06\/01\/pepe-chedraui-anuncia-incremento-a-27-cuadrillas-para-bacheo\/","title":{"rendered":"Pepe Chedraui anuncia incremento a 27 cuadrillas para bacheo"},"content":{"rendered":"\n<p>El alcalde de Puebla, Pepe Chedraui, anunci\u00f3 que se incrementar\u00e1 a 27 el n\u00famero de cuadrillas destinadas al programa de bacheo en distintos puntos de la ciudad, como parte de una inversi\u00f3n hist\u00f3rica para mejorar la infraestructura vial.<\/p>\n\n\n\n<p>\u201cS\u00e9 que es un problema grave, as\u00ed nos lo dejaron, pero vamos a solucionarlo. Es una inversi\u00f3n hist\u00f3rica de m\u00e1s de 100 millones de pesos\u201d, declar\u00f3 el edil, tras asegurar que el trabajo de rehabilitaci\u00f3n ya est\u00e1 en marcha en diversas zonas del municipio.<\/p>\n\n\n\n<p>Asimismo, el alcalde respondi\u00f3 positivamente al llamado que le hizo la presidenta del Congreso del Estado, Laura Artemisa, para invertir de forma inteligente en rubros clave como la seguridad y el bacheo.<\/p>\n\n\n\n<p>\u201cRecibo su mensaje con mucho gusto y con mucho cari\u00f1o, tiene toda la raz\u00f3n. Todo va de la mano, todo est\u00e1 enfocado en la seguridad. Hay que trabajar juntos para poder solucionar\u201d.<\/p>\n\n\n\n<p>El gobierno municipal continuar\u00e1 fortaleciendo estas acciones con un enfoque integral, para garantizar vialidades dignas y mayor seguridad para los poblanos.<\/p>\n","protected":false},"excerpt":{"rendered":"<p>El alcalde de Puebla, Pepe Chedraui, anunci\u00f3 que se incrementar\u00e1 a 27 el n\u00famero de cuadrillas destinadas al programa de bacheo en distintos puntos de la ciudad, como parte de una inversi\u00f3n hist\u00f3rica para mejorar la infraestructura vial. \u201cS\u00e9 que es un problema grave, as\u00ed nos lo dejaron, pero vamos a solucionarlo. Es una inversi\u00f3n [&hellip;]<\/p>\n","protected":false},"author":4,"featured_media":63198,"comment_status":"open","ping_status":"open","sticky":false,"template":"","format":"standard","meta":{"om_disable_all_campaigns":false,"_monsterinsights_skip_tracking":false,"_monsterinsights_sitenote_active":false,"_monsterinsights_sitenote_note":"","_monsterinsights_sitenote_category":0,"footnotes":""},"categories":[175],"tags":[223],"class_list":["post-63197","post","type-post","status-publish","format-standard","has-post-thumbnail","hentry","category-local","tag-puebla"],"amp_enabled":true,"_links":{"self":[{"href":"https:\/\/lahora.mx\/index.php\/wp-json\/wp\/v2\/posts\/63197","targetHints":{"allow":["GET"]}}],"collection":[{"href":"https:\/\/lahora.mx\/index.php\/wp-json\/wp\/v2\/posts"}],"about":[{"href":"https:\/\/lahora.mx\/index.php\/wp-json\/wp\/v2\/types\/post"}],"author":[{"embeddable":true,"href":"https:\/\/lahora.mx\/index.php\/wp-json\/wp\/v2\/users\/4"}],"replies":[{"embeddable":true,"href":"https:\/\/lahora.mx\/index.php\/wp-json\/wp\/v2\/comments?post=63197"}],"version-history":[{"count":1,"href":"https:\/\/lahora.mx\/index.php\/wp-json\/wp\/v2\/posts\/63197\/revisions"}],"predecessor-version":[{"id":63199,"href":"https:\/\/lahora.mx\/index.php\/wp-json\/wp\/v2\/posts\/63197\/revisions\/63199"}],"wp:featuredmedia":[{"embeddable":true,"href":"https:\/\/lahora.mx\/index.php\/wp-json\/wp\/v2\/media\/63198"}],"wp:attachment":[{"href":"https:\/\/lahora.mx\/index.php\/wp-json\/wp\/v2\/media?parent=63197"}],"wp:term":[{"taxonomy":"category","embeddable":true,"href":"https:\/\/lahora.mx\/index.php\/wp-json\/wp\/v2\/categories?post=63197"},{"taxonomy":"post_tag","embeddable":true,"href":"https:\/\/lahora.mx\/index.php\/wp-json\/wp\/v2\/tags?post=63197"}],"curies":[{"name":"wp","href":"https:\/\/api.w.org\/{rel}","templated":true}]}}