{"id":63183,"date":"2025-06-03T00:08:36","date_gmt":"2025-06-03T00:08:36","guid":{"rendered":"https:\/\/lahora.mx\/?p=63183"},"modified":"2025-06-03T00:08:37","modified_gmt":"2025-06-03T00:08:37","slug":"auditaran-la-cuenta-publica-2024-de-los-ediles-detenidos","status":"publish","type":"post","link":"https:\/\/lahora.mx\/index.php\/2025\/06\/03\/auditaran-la-cuenta-publica-2024-de-los-ediles-detenidos\/","title":{"rendered":"Auditar\u00e1n la cuenta p\u00fablica 2024 de los ediles detenidos"},"content":{"rendered":"\n<p>El encargado de despacho de la Auditoria Superior del Estado (ASE), Francisco Teomitzi S\u00e1nchez, se\u00f1al\u00f3 que el \u00f3rgano fiscalizador har\u00e1 la revisi\u00f3n de las cuentas p\u00fablicas 2024 de los presidentes municipales de Ciudad Serd\u00e1n, Tlachichucha y San Nicol\u00e1s Buenos Aires, pero esto ser\u00e1 sin tintes pol\u00edticos todo apegado a derecho, y se\u00f1al\u00f3 que a todos los alcaldes, se les revisa con lupa..<\/p>\n\n\n\n<p>En conferencia de prensa en la sede del Congreso del Estado el auditor, indic\u00f3 que en caso de los hermanos Gonz\u00e1lez Vieyra se va a hacer la fiscalizaci\u00f3n, y se pidi\u00f3 la cuenta 2024, que corresponde al per\u00edodo 15 de octubre &#8211; 31 de enero 2024.<\/p>\n\n\n\n<p>Reiter\u00f3 que independientemente del estatus en que se encuentren, se tiene que hacer la fiscalizaci\u00f3n de los recursos que recibieron.<\/p>\n\n\n\n<p>Teomitzi S\u00e1nchez, adem\u00e1s se\u00f1al\u00f3 que en la revisi\u00f3n de las cuentas p\u00fablicas a los 217 municipios, sobre todo en Puebla, se vigilar\u00e1 con lupa que las obras o acciones gubernamentales sean para beneficio de los poblanos y estas no sean fara\u00f3nicas para unos cuantos o para desviar recursos, y se ajusten al marco legal.<\/p>\n\n\n\n<p>Record\u00f3 que que el organismo que vigila el gasto de ayuntamientos y otros \u00f3rganos p\u00fablicos se encuentra revisando las cuentas p\u00fablicas de m\u00e1s de tres mil entes, y se<\/p>\n\n\n\n<p>revisar\u00e1 el tema de la obra p\u00fablica para verificar el impacto y la calidad para el beneficio para los poblanos, esto conforme a la ley.<\/p>\n\n\n\n<p>Cuidado con los procesos<br>El encargado de despacho, se\u00f1al\u00f3 la importancia de la transparencia, por ello una vez que se notificaron los informes al Congreso, hicieron p\u00fablicos los resultados.<\/p>\n\n\n\n<p>Aclar\u00f3 que en los documentos que se entregan al poder legislativo se encuentran observaciones que deben ser subsanadas por los sujetos obligados, y en caso de no hacerlo es cuando ya procede la etapa de sanciones.<\/p>\n\n\n\n<p>Explic\u00f3 que en \u00e1mbito estatal se fiscalizan 74 entes, de los cuales 5 son organismos aut\u00f3nomos y 69 instituciones.<\/p>\n\n\n\n<p>Mientras del Orden municipal 251 adem\u00e1s de los ayuntamientos hay 25 organismos operadores y otras dependencias, e insisti\u00f3 que la fiscalizaci\u00f3n se mantendr\u00e1.<\/p>\n\n\n\n<p>Teomitzi se\u00f1al\u00f3 que en el \u00e1mbito estatal se presentaron 270 recomendaciones, 166 solicitudes de aclaraci\u00f3n, 26 pliegos de observaci\u00f3n, as\u00ed como cien promociones de responsabilidades administrativas sancionatorias.<\/p>\n\n\n\n<p>Mientras en el \u00e1mbito municipal se emitieron 32 recomendaciones, 161 solicitudes de aclaraci\u00f3n, 1,980 pliegos de observaciones, y 180 promociones de responsabilidad Administrativa Sancionatoria.<\/p>\n\n\n\n<p>Coment\u00f3 que tras haber sido notificados todos, tienen un plazo de 30 d\u00edas h\u00e1biles para la solventar las observaciones, y de no hacerlo deber\u00e1n enfrentar la ruta jur\u00eddica ya en otras instancias.<\/p>\n\n\n\n<p>Record\u00f3 que de la fiscalizaci\u00f3n 2022, ya se est\u00e1n entregando los procesos 2022 de lo sujetos que no cumplieron al \u00e1rea jur\u00eddica correspondiente.<\/p>\n","protected":false},"excerpt":{"rendered":"<p>El encargado de despacho de la Auditoria Superior del Estado (ASE), Francisco Teomitzi S\u00e1nchez, se\u00f1al\u00f3 que el \u00f3rgano fiscalizador har\u00e1 la revisi\u00f3n de las cuentas p\u00fablicas 2024 de los presidentes municipales de Ciudad Serd\u00e1n, Tlachichucha y San Nicol\u00e1s Buenos Aires, pero esto ser\u00e1 sin tintes pol\u00edticos todo apegado a derecho, y se\u00f1al\u00f3 que a todos [&hellip;]<\/p>\n","protected":false},"author":4,"featured_media":63184,"comment_status":"open","ping_status":"open","sticky":false,"template":"","format":"standard","meta":{"om_disable_all_campaigns":false,"_monsterinsights_skip_tracking":false,"_monsterinsights_sitenote_active":false,"_monsterinsights_sitenote_note":"","_monsterinsights_sitenote_category":0,"footnotes":""},"categories":[175],"tags":[223],"class_list":["post-63183","post","type-post","status-publish","format-standard","has-post-thumbnail","hentry","category-local","tag-puebla"],"amp_enabled":true,"_links":{"self":[{"href":"https:\/\/lahora.mx\/index.php\/wp-json\/wp\/v2\/posts\/63183","targetHints":{"allow":["GET"]}}],"collection":[{"href":"https:\/\/lahora.mx\/index.php\/wp-json\/wp\/v2\/posts"}],"about":[{"href":"https:\/\/lahora.mx\/index.php\/wp-json\/wp\/v2\/types\/post"}],"author":[{"embeddable":true,"href":"https:\/\/lahora.mx\/index.php\/wp-json\/wp\/v2\/users\/4"}],"replies":[{"embeddable":true,"href":"https:\/\/lahora.mx\/index.php\/wp-json\/wp\/v2\/comments?post=63183"}],"version-history":[{"count":1,"href":"https:\/\/lahora.mx\/index.php\/wp-json\/wp\/v2\/posts\/63183\/revisions"}],"predecessor-version":[{"id":63185,"href":"https:\/\/lahora.mx\/index.php\/wp-json\/wp\/v2\/posts\/63183\/revisions\/63185"}],"wp:featuredmedia":[{"embeddable":true,"href":"https:\/\/lahora.mx\/index.php\/wp-json\/wp\/v2\/media\/63184"}],"wp:attachment":[{"href":"https:\/\/lahora.mx\/index.php\/wp-json\/wp\/v2\/media?parent=63183"}],"wp:term":[{"taxonomy":"category","embeddable":true,"href":"https:\/\/lahora.mx\/index.php\/wp-json\/wp\/v2\/categories?post=63183"},{"taxonomy":"post_tag","embeddable":true,"href":"https:\/\/lahora.mx\/index.php\/wp-json\/wp\/v2\/tags?post=63183"}],"curies":[{"name":"wp","href":"https:\/\/api.w.org\/{rel}","templated":true}]}}