{"id":63180,"date":"2025-06-02T22:51:38","date_gmt":"2025-06-02T22:51:38","guid":{"rendered":"https:\/\/lahora.mx\/?p=63180"},"modified":"2025-06-02T22:51:39","modified_gmt":"2025-06-02T22:51:39","slug":"iniciativa-dejaria-fuera-uso-obligatorio-de-chaleco-a-motociclistas-en-puebla","status":"publish","type":"post","link":"https:\/\/lahora.mx\/index.php\/2025\/06\/02\/iniciativa-dejaria-fuera-uso-obligatorio-de-chaleco-a-motociclistas-en-puebla\/","title":{"rendered":"Iniciativa dejar\u00eda fuera uso obligatorio de chaleco a motociclistas en Puebla"},"content":{"rendered":"\n<p>El uso de chaleco obligatorio para los usuarios de las motocicletas en la entidad quedar\u00eda fuera de la denominada \u201cLey Chaleco\u201d, tras una serie de reuniones entre los motociclistas que se oponen a la medida y los diputados de diferentes bancadas, inform\u00f3 Laura Artemisa Garc\u00eda Ch\u00e1vez, presidenta del Poder Legislativo.<\/p>\n\n\n\n<p>\u201cEs un tema que se estar\u00e1 valorando ma\u00f1ana a m\u00e1s tardar, de dejar fuera el chaleco, no es un tema de debilitar la ley\u201d, declar\u00f3 en conferencia de prensa, al resaltar que este y otros cambios est\u00e1n siendo analizados con Francisco S\u00e1nchez Gonz\u00e1lez, titular de la Secretar\u00eda de Seguridad P\u00fablica.<\/p>\n\n\n\n<p>En caso de concretarse este eventual cambio, solo ser\u00eda obligatorio que los motociclistas utilicen en el casco las placas de su medio de transporte. La l\u00edder del Poder Legislativo afirm\u00f3 que, el principal objetivo de la modificaci\u00f3n de la ley es la regulaci\u00f3n, ante el crecimiento desmedido de la entidad, y los hechos delictivos relacionados con su uso.<br>La legisladora de Morena sostuvo que en el dictamen de la Ley de Movilidad 2025 todav\u00eda se van a adicionar propuestas surgidas durante el di\u00e1logo con diversos sectores. Sin embargo, asegur\u00f3 que se est\u00e1n logrando acuerdos importantes entre las partes.<\/p>\n\n\n\n<p>La propuesta todav\u00eda va a adicionarse con varias cosas que hemos escuchado de los motociclistas y los diputados<br>Explic\u00f3 al reconocer que a\u00fan falta infraestructura tecnol\u00f3gica suficiente para reforzar el control vial y la vigilancia en zonas urbanas.<\/p>\n\n\n\n<p>Laura Artemisa Garc\u00eda consider\u00f3 que en la ciudad de Puebla todav\u00eda faltan m\u00e1s c\u00e1maras conectadas al C5, lo que complica la implementaci\u00f3n de estrategias tecnol\u00f3gicas para mejorar la seguridad vial.<\/p>\n\n\n\n<p>Pide a alcaldes que atiendan baches<br>Aprovech\u00f3 para pedirle a los alcaldes del estado de Puebla atender la solicitudes de bacheo, porque se trata de las principales demandas ciudadanas, principalmente en la temporada de lluvias.<br><br>El dictamen respecto a la pol\u00e9mica \u201cLey Chaleco\u201d a\u00fan est\u00e1 en fase de revisi\u00f3n y ser\u00e1 presentado con las adecuaciones finales en los pr\u00f3ximos d\u00edas para su an\u00e1lisis, coment\u00f3 Laura Artemisa.<\/p>\n\n\n\n<p>En otro orden de ideas, dio a conocer que la empresa encargada de construir el nuevo edificio del Congreso del Estado, donde trabajan los diputados, ser\u00e1 la encargada de subsanar los \u201cvicios ocultos\u201d de la sede, como las recientes goteras que exhibi\u00f3 el diputado panista Rafael Micalco M\u00e9ndez.<\/p>\n","protected":false},"excerpt":{"rendered":"<p>El uso de chaleco obligatorio para los usuarios de las motocicletas en la entidad quedar\u00eda fuera de la denominada \u201cLey Chaleco\u201d, tras una serie de reuniones entre los motociclistas que se oponen a la medida y los diputados de diferentes bancadas, inform\u00f3 Laura Artemisa Garc\u00eda Ch\u00e1vez, presidenta del Poder Legislativo. \u201cEs un tema que se [&hellip;]<\/p>\n","protected":false},"author":4,"featured_media":63181,"comment_status":"open","ping_status":"open","sticky":false,"template":"","format":"standard","meta":{"om_disable_all_campaigns":false,"_monsterinsights_skip_tracking":false,"_monsterinsights_sitenote_active":false,"_monsterinsights_sitenote_note":"","_monsterinsights_sitenote_category":0,"footnotes":""},"categories":[175],"tags":[195,223],"class_list":["post-63180","post","type-post","status-publish","format-standard","has-post-thumbnail","hentry","category-local","tag-principal","tag-puebla"],"amp_enabled":true,"_links":{"self":[{"href":"https:\/\/lahora.mx\/index.php\/wp-json\/wp\/v2\/posts\/63180","targetHints":{"allow":["GET"]}}],"collection":[{"href":"https:\/\/lahora.mx\/index.php\/wp-json\/wp\/v2\/posts"}],"about":[{"href":"https:\/\/lahora.mx\/index.php\/wp-json\/wp\/v2\/types\/post"}],"author":[{"embeddable":true,"href":"https:\/\/lahora.mx\/index.php\/wp-json\/wp\/v2\/users\/4"}],"replies":[{"embeddable":true,"href":"https:\/\/lahora.mx\/index.php\/wp-json\/wp\/v2\/comments?post=63180"}],"version-history":[{"count":1,"href":"https:\/\/lahora.mx\/index.php\/wp-json\/wp\/v2\/posts\/63180\/revisions"}],"predecessor-version":[{"id":63182,"href":"https:\/\/lahora.mx\/index.php\/wp-json\/wp\/v2\/posts\/63180\/revisions\/63182"}],"wp:featuredmedia":[{"embeddable":true,"href":"https:\/\/lahora.mx\/index.php\/wp-json\/wp\/v2\/media\/63181"}],"wp:attachment":[{"href":"https:\/\/lahora.mx\/index.php\/wp-json\/wp\/v2\/media?parent=63180"}],"wp:term":[{"taxonomy":"category","embeddable":true,"href":"https:\/\/lahora.mx\/index.php\/wp-json\/wp\/v2\/categories?post=63180"},{"taxonomy":"post_tag","embeddable":true,"href":"https:\/\/lahora.mx\/index.php\/wp-json\/wp\/v2\/tags?post=63180"}],"curies":[{"name":"wp","href":"https:\/\/api.w.org\/{rel}","templated":true}]}}