{"id":63177,"date":"2025-06-02T22:50:07","date_gmt":"2025-06-02T22:50:07","guid":{"rendered":"https:\/\/lahora.mx\/?p=63177"},"modified":"2025-06-02T22:50:08","modified_gmt":"2025-06-02T22:50:08","slug":"se-suma-armenta-al-exhorto-del-congreso-a-ediles-para-que-focalicen-recursos-a-obra-comunitaria","status":"publish","type":"post","link":"https:\/\/lahora.mx\/index.php\/2025\/06\/02\/se-suma-armenta-al-exhorto-del-congreso-a-ediles-para-que-focalicen-recursos-a-obra-comunitaria\/","title":{"rendered":"Se suma Armenta al exhorto del Congreso a ediles para que focalicen recursos a obra comunitaria"},"content":{"rendered":"\n<p>\u00abLos gobiernos tenemos que orientar los recursos en los t\u00e9rminos que establece la Constituci\u00f3n Pol\u00edtica del Estado\u00bb, asegur\u00f3 el gobernador Alejandro Armenta, al sumarse al exhorto que realiz\u00f3 la presidenta de la Junta de Gobierno y Coordinaci\u00f3n Pol\u00edtica del Congreso del Estado, Laura Artemisa Garc\u00eda Ch\u00e1vez, a los 217 ayuntamientos para hacer un correcto uso de sus recursos e invertir en seguridad y obra p\u00fablica que sirva al pueblo.<\/p>\n\n\n\n<p>El titular del ejecutivo enfatiz\u00f3 que son los municipios los administradores del recurso y tienen la obligaci\u00f3n de hacerlo de manera eficaz, eficiente y no estar pensando en cu\u00e1nto va a dejar la obra.<\/p>\n\n\n\n<p>Por ello, el gobernador Alejandro Armenta expres\u00f3 que, la decisi\u00f3n de su administraci\u00f3n de otorgar 50 millones de pesos para el programa Bachet\u00f3n en la capital, constituye una muestra clara de colaboraci\u00f3n institucional y compromiso social, aun cuando dicha acci\u00f3n no represente una obligaci\u00f3n directa de la autoridad estatal.<\/p>\n\n\n\n<p>El secretario de Infraestructura, Jos\u00e9 Manuel Contreras de los Santos, explic\u00f3 que la dependencia estatal interviene de manera simult\u00e1nea cuatro cuadrantes de la ciudad con cuadrillas de trabajadores para atender v\u00edas de comunicaci\u00f3n que requieren atenci\u00f3n inmediata<\/p>\n\n\n\n<p>El coordinador del Programa Estatal de Mantenimiento a cargo de Israel Pacheco Vel\u00e1zquez, destac\u00f3 que, con maquinaria y 72 elementos se trabajar\u00e1 24 horas en turnos diurnos y nocturnos, de lunes a domingo, durante los meses de junio, julio y agosto. Ante la temporada de lluvias, detall\u00f3 que la dependencia emplear\u00e1 materiales en fr\u00edo y caliente para mayor durabilidad de los tramos a intervenir con el bacheo.<\/p>\n","protected":false},"excerpt":{"rendered":"<p>\u00abLos gobiernos tenemos que orientar los recursos en los t\u00e9rminos que establece la Constituci\u00f3n Pol\u00edtica del Estado\u00bb, asegur\u00f3 el gobernador Alejandro Armenta, al sumarse al exhorto que realiz\u00f3 la presidenta de la Junta de Gobierno y Coordinaci\u00f3n Pol\u00edtica del Congreso del Estado, Laura Artemisa Garc\u00eda Ch\u00e1vez, a los 217 ayuntamientos para hacer un correcto uso [&hellip;]<\/p>\n","protected":false},"author":4,"featured_media":63178,"comment_status":"open","ping_status":"open","sticky":false,"template":"","format":"standard","meta":{"om_disable_all_campaigns":false,"_monsterinsights_skip_tracking":false,"_monsterinsights_sitenote_active":false,"_monsterinsights_sitenote_note":"","_monsterinsights_sitenote_category":0,"footnotes":""},"categories":[175],"tags":[239,223],"class_list":["post-63177","post","type-post","status-publish","format-standard","has-post-thumbnail","hentry","category-local","tag-gobierno","tag-puebla"],"amp_enabled":true,"_links":{"self":[{"href":"https:\/\/lahora.mx\/index.php\/wp-json\/wp\/v2\/posts\/63177","targetHints":{"allow":["GET"]}}],"collection":[{"href":"https:\/\/lahora.mx\/index.php\/wp-json\/wp\/v2\/posts"}],"about":[{"href":"https:\/\/lahora.mx\/index.php\/wp-json\/wp\/v2\/types\/post"}],"author":[{"embeddable":true,"href":"https:\/\/lahora.mx\/index.php\/wp-json\/wp\/v2\/users\/4"}],"replies":[{"embeddable":true,"href":"https:\/\/lahora.mx\/index.php\/wp-json\/wp\/v2\/comments?post=63177"}],"version-history":[{"count":1,"href":"https:\/\/lahora.mx\/index.php\/wp-json\/wp\/v2\/posts\/63177\/revisions"}],"predecessor-version":[{"id":63179,"href":"https:\/\/lahora.mx\/index.php\/wp-json\/wp\/v2\/posts\/63177\/revisions\/63179"}],"wp:featuredmedia":[{"embeddable":true,"href":"https:\/\/lahora.mx\/index.php\/wp-json\/wp\/v2\/media\/63178"}],"wp:attachment":[{"href":"https:\/\/lahora.mx\/index.php\/wp-json\/wp\/v2\/media?parent=63177"}],"wp:term":[{"taxonomy":"category","embeddable":true,"href":"https:\/\/lahora.mx\/index.php\/wp-json\/wp\/v2\/categories?post=63177"},{"taxonomy":"post_tag","embeddable":true,"href":"https:\/\/lahora.mx\/index.php\/wp-json\/wp\/v2\/tags?post=63177"}],"curies":[{"name":"wp","href":"https:\/\/api.w.org\/{rel}","templated":true}]}}