{"id":63174,"date":"2025-06-02T20:56:45","date_gmt":"2025-06-02T20:56:45","guid":{"rendered":"https:\/\/lahora.mx\/?p=63174"},"modified":"2025-06-02T20:56:46","modified_gmt":"2025-06-02T20:56:46","slug":"manana-definen-si-ley-chaleco-se-convierte-en-ley-casco-para-motociclistas","status":"publish","type":"post","link":"https:\/\/lahora.mx\/index.php\/2025\/06\/02\/manana-definen-si-ley-chaleco-se-convierte-en-ley-casco-para-motociclistas\/","title":{"rendered":"Ma\u00f1ana definen si Ley Chaleco se convierte en Ley Casco para motociclistas"},"content":{"rendered":"\n<p>Este martes los diputados del Congreso del Estado de Puebla definir\u00e1n si los motociclistas ser\u00e1n obligados a utilizar un chaleco o chamarra con identificaci\u00f3n, inform\u00f3 la diputada de Morena y presidenta del Legislativo, Laura Artemisa Garc\u00eda Ch\u00e1vez.<\/p>\n\n\n\n<p>La diputada inform\u00f3 que entre hoy y ma\u00f1ana sostendr\u00e1 una reuni\u00f3n con diversos grupos de motociclistas y diputados a fin de realizar modificaciones en la reforma que planea presentar para el uso de la motocicleta.<\/p>\n\n\n\n<p>Laura Artemisa Garc\u00eda Ch\u00e1vez mencion\u00f3 que el viernes pasado se reuni\u00f3 con sus compa\u00f1eros legisladores que le presentaron algunas propuestas para ingresar a la reforma, mismas que tomar\u00e1n en cuenta.<\/p>\n\n\n\n<p>Ya que la reuni\u00f3n se alarg\u00f3 no pudo recibir a los motociclistas que acudieron al Congreso de Puebla para pedir que no se les obligue a utilizar su n\u00famero de placa en el casco y el chaleco.<\/p>\n\n\n\n<p>Laura Artemisa especific\u00f3 que los diputados est\u00e1n valorando la petici\u00f3n de los motociclistas, sin embargo, como la reforma busca reducir los delitos que se cometen con estos veh\u00edculos ser\u00e1 la Secretar\u00eda de Seguridad del estado quien lo defina.<\/p>\n\n\n\n<p>La intenci\u00f3n original de este cambo es identificar a quien cometa un acto delictivo a trav\u00e9s de las c\u00e1maras con el n\u00famero de placa.<\/p>\n\n\n\n<p>Adelant\u00f3 que se valora ya no pedirles que usen un chaleco o chamarra con el n\u00famero de placa, aunque esto lo deber\u00e1n portar en el casco \u00fanicamente.<\/p>\n\n\n\n<p>\u201cNecesitamos ver con qu\u00e9 elementos es suficiente para hacer la investigaci\u00f3n y es probable lo cual se valorar\u00e1 ma\u00f1ana de que pudiera dejar fuera el chaleco (\u2026) no es un tema de debilitar la ley, si no un tema que siempre ha estado en las manos\u201d, sentenci\u00f3.<\/p>\n\n\n\n<p>El Congreso de Puebla aplaz\u00f3 la aprobaci\u00f3n de la llamada Ley Chaleco para motociclistas una semana bajo pretexto de a escuchar a todos los usuarios en un foro que realizar\u00e1n este viernes.<\/p>\n\n\n\n<p>Los art\u00edculos que se proponen reformar son el 123, 129 BIS y 132, mismos que consideran nuevas reglas para usuarios de motocicletas, monopatines y bicicletas el\u00e9ctricas, propuesta hecha por varios diputados en sesiones pasadas, pero que no se analiz\u00f3.<\/p>\n","protected":false},"excerpt":{"rendered":"<p>Este martes los diputados del Congreso del Estado de Puebla definir\u00e1n si los motociclistas ser\u00e1n obligados a utilizar un chaleco o chamarra con identificaci\u00f3n, inform\u00f3 la diputada de Morena y presidenta del Legislativo, Laura Artemisa Garc\u00eda Ch\u00e1vez. La diputada inform\u00f3 que entre hoy y ma\u00f1ana sostendr\u00e1 una reuni\u00f3n con diversos grupos de motociclistas y diputados [&hellip;]<\/p>\n","protected":false},"author":4,"featured_media":63175,"comment_status":"open","ping_status":"open","sticky":false,"template":"","format":"standard","meta":{"om_disable_all_campaigns":false,"_monsterinsights_skip_tracking":false,"_monsterinsights_sitenote_active":false,"_monsterinsights_sitenote_note":"","_monsterinsights_sitenote_category":0,"footnotes":""},"categories":[175],"tags":[195,223],"class_list":["post-63174","post","type-post","status-publish","format-standard","has-post-thumbnail","hentry","category-local","tag-principal","tag-puebla"],"amp_enabled":true,"_links":{"self":[{"href":"https:\/\/lahora.mx\/index.php\/wp-json\/wp\/v2\/posts\/63174","targetHints":{"allow":["GET"]}}],"collection":[{"href":"https:\/\/lahora.mx\/index.php\/wp-json\/wp\/v2\/posts"}],"about":[{"href":"https:\/\/lahora.mx\/index.php\/wp-json\/wp\/v2\/types\/post"}],"author":[{"embeddable":true,"href":"https:\/\/lahora.mx\/index.php\/wp-json\/wp\/v2\/users\/4"}],"replies":[{"embeddable":true,"href":"https:\/\/lahora.mx\/index.php\/wp-json\/wp\/v2\/comments?post=63174"}],"version-history":[{"count":1,"href":"https:\/\/lahora.mx\/index.php\/wp-json\/wp\/v2\/posts\/63174\/revisions"}],"predecessor-version":[{"id":63176,"href":"https:\/\/lahora.mx\/index.php\/wp-json\/wp\/v2\/posts\/63174\/revisions\/63176"}],"wp:featuredmedia":[{"embeddable":true,"href":"https:\/\/lahora.mx\/index.php\/wp-json\/wp\/v2\/media\/63175"}],"wp:attachment":[{"href":"https:\/\/lahora.mx\/index.php\/wp-json\/wp\/v2\/media?parent=63174"}],"wp:term":[{"taxonomy":"category","embeddable":true,"href":"https:\/\/lahora.mx\/index.php\/wp-json\/wp\/v2\/categories?post=63174"},{"taxonomy":"post_tag","embeddable":true,"href":"https:\/\/lahora.mx\/index.php\/wp-json\/wp\/v2\/tags?post=63174"}],"curies":[{"name":"wp","href":"https:\/\/api.w.org\/{rel}","templated":true}]}}