{"id":63168,"date":"2025-06-02T18:53:54","date_gmt":"2025-06-02T18:53:54","guid":{"rendered":"https:\/\/lahora.mx\/?p=63168"},"modified":"2025-06-02T18:53:54","modified_gmt":"2025-06-02T18:53:54","slug":"maestros-bloquean-inspeccion-regional-de-educacion-fisica-en-atlixco","status":"publish","type":"post","link":"https:\/\/lahora.mx\/index.php\/2025\/06\/02\/maestros-bloquean-inspeccion-regional-de-educacion-fisica-en-atlixco\/","title":{"rendered":"Maestros bloquean Inspecci\u00f3n Regional de Educaci\u00f3n F\u00edsica en Atlixco"},"content":{"rendered":"\n<p>Un grupo de maestros de educaci\u00f3n f\u00edsica se manifest\u00f3 de manera pac\u00edfica este lunes y bloque\u00f3 el acceso a la Inspecci\u00f3n Regional de Educaci\u00f3n F\u00edsica del sistema federal, ubicada en el centro de la ciudad, para exigir no se reinstale a Daniel Cer\u00f3n como inspector de zona.<br><br>Los inconformes acusaron la falta de trabajo y gesti\u00f3n del se\u00f1alado provoc\u00f3 m\u00e1s de mil 500 alumnos quedaran fuera de competencias en diversas disciplinas deportivas escolares.<\/p>\n\n\n\n<p>Incluso se\u00f1alaron Atlixco no contar\u00e1 con escolta para el evento estatal. Y eso representa una afectaci\u00f3n directa a la representaci\u00f3n del municipio en dicho encuentro.<\/p>\n\n\n\n<p>Al sitio acudi\u00f3 Omar Efr\u00e9n Mart\u00ednez, actual director estatal de Educaci\u00f3n F\u00edsica, acompa\u00f1ado por personal del \u00e1rea jur\u00eddica.<\/p>\n\n\n\n<p>Seg\u00fan los manifestantes \u00e9stos personajes lanzaron una advertencia: \u201cTengan cuidado de manifestarse o hacer ruido\u201d, asunto interpretado como un intento de disuadir la protesta.<\/p>\n\n\n\n<p>Los profesores aseguraron Daniel Cer\u00f3n acumula ya denuncias desde hace varios a\u00f1os y las autoridades repiten un patr\u00f3n: separarlo del cargo ante la presi\u00f3n, pero eventualmente vuelven a reinstalarlo sin atender el fondo del problema.<\/p>\n\n\n\n<p>El conflicto gener\u00f3 molestia no s\u00f3lo entre el gremio docente, tambi\u00e9n en padres de familia quienes exigieron transparencia y soluci\u00f3n definitiva.<\/p>\n","protected":false},"excerpt":{"rendered":"<p>Un grupo de maestros de educaci\u00f3n f\u00edsica se manifest\u00f3 de manera pac\u00edfica este lunes y bloque\u00f3 el acceso a la Inspecci\u00f3n Regional de Educaci\u00f3n F\u00edsica del sistema federal, ubicada en el centro de la ciudad, para exigir no se reinstale a Daniel Cer\u00f3n como inspector de zona. Los inconformes acusaron la falta de trabajo y [&hellip;]<\/p>\n","protected":false},"author":4,"featured_media":63169,"comment_status":"open","ping_status":"open","sticky":false,"template":"","format":"standard","meta":{"om_disable_all_campaigns":false,"_monsterinsights_skip_tracking":false,"_monsterinsights_sitenote_active":false,"_monsterinsights_sitenote_note":"","_monsterinsights_sitenote_category":0,"footnotes":""},"categories":[175],"tags":[223],"class_list":["post-63168","post","type-post","status-publish","format-standard","has-post-thumbnail","hentry","category-local","tag-puebla"],"amp_enabled":true,"_links":{"self":[{"href":"https:\/\/lahora.mx\/index.php\/wp-json\/wp\/v2\/posts\/63168","targetHints":{"allow":["GET"]}}],"collection":[{"href":"https:\/\/lahora.mx\/index.php\/wp-json\/wp\/v2\/posts"}],"about":[{"href":"https:\/\/lahora.mx\/index.php\/wp-json\/wp\/v2\/types\/post"}],"author":[{"embeddable":true,"href":"https:\/\/lahora.mx\/index.php\/wp-json\/wp\/v2\/users\/4"}],"replies":[{"embeddable":true,"href":"https:\/\/lahora.mx\/index.php\/wp-json\/wp\/v2\/comments?post=63168"}],"version-history":[{"count":1,"href":"https:\/\/lahora.mx\/index.php\/wp-json\/wp\/v2\/posts\/63168\/revisions"}],"predecessor-version":[{"id":63170,"href":"https:\/\/lahora.mx\/index.php\/wp-json\/wp\/v2\/posts\/63168\/revisions\/63170"}],"wp:featuredmedia":[{"embeddable":true,"href":"https:\/\/lahora.mx\/index.php\/wp-json\/wp\/v2\/media\/63169"}],"wp:attachment":[{"href":"https:\/\/lahora.mx\/index.php\/wp-json\/wp\/v2\/media?parent=63168"}],"wp:term":[{"taxonomy":"category","embeddable":true,"href":"https:\/\/lahora.mx\/index.php\/wp-json\/wp\/v2\/categories?post=63168"},{"taxonomy":"post_tag","embeddable":true,"href":"https:\/\/lahora.mx\/index.php\/wp-json\/wp\/v2\/tags?post=63168"}],"curies":[{"name":"wp","href":"https:\/\/api.w.org\/{rel}","templated":true}]}}