{"id":63164,"date":"2025-06-02T18:52:55","date_gmt":"2025-06-02T18:52:55","guid":{"rendered":"https:\/\/lahora.mx\/?p=63164"},"modified":"2025-06-02T18:52:55","modified_gmt":"2025-06-02T18:52:55","slug":"gobierno-anuncia-bacheton-con-50-mdp-en-la-zona-metropolitana-de-puebla","status":"publish","type":"post","link":"https:\/\/lahora.mx\/index.php\/2025\/06\/02\/gobierno-anuncia-bacheton-con-50-mdp-en-la-zona-metropolitana-de-puebla\/","title":{"rendered":"Gobierno anuncia Bachet\u00f3n con 50 mdp en la zona metropolitana de Puebla"},"content":{"rendered":"\n<p><strong>La Secretar\u00eda de Infraestructura anunci\u00f3 la implementaci\u00f3n del Programa \u00abBachet\u00f3n\u00bb para atender las vialidades de la zona metropolitana del estado de Puebla, lo cual significar\u00e1 una inversi\u00f3n de 50 millones de pesos<\/strong>.<br>En rueda de prensa de este lunes 2 de junio, el titular de la dependencia estatal, Jos\u00e9 Manuel Contreras de los Santos, inform\u00f3 que forma parte de una la estrategia del gobierno federal \u00abSenderos de Paz\u00bb.<\/p>\n\n\n\n<p>Atender\u00e1n de manera simult\u00e1nea los cuatro cuadrantes donde se encuentran puntos clave como lo son Nororiente, Suroriente, Norponiente, Surponiente.<\/p>\n\n\n\n<p>Las obras ser\u00e1n de lunes a domingo en horarios diurnos y nocturnos, adem\u00e1s se emplear\u00e1 concreto en caliente y fr\u00edo, a fin de que de dar mantenimiento.<\/p>\n\n\n\n<p>Se desplegar\u00e1 maquinaria durante la temporada de lluvias para los meses de junio, julio y agosto, en los cuales participar\u00e1n 72 integrantes de personal carpetero.<\/p>\n\n\n\n<p>Israel Pacheco Vel\u00e1zquez, coordinador del Programa de Mantenimiento, se\u00f1al\u00f3 que el 40 por ciento de las vialidades en la capital poblana, se encuentran en mal estado.<\/p>\n\n\n\n<p>Indic\u00f3, que la red vial urbana tiene afectaciones, lo mismo que se suma a los dem\u00e1s municipios de Puebla, por lo que se intervendr\u00e1n calles primarias y secundarias.<\/p>\n\n\n\n<p>Al respecto, el gobernador Alejandro Armenta Mier invit\u00f3 a los presidentes municipales de la entidad para que hagan lo propio, dado que esto viene como parte de sus obligaciones al asumir el cargo.<\/p>\n","protected":false},"excerpt":{"rendered":"<p>La Secretar\u00eda de Infraestructura anunci\u00f3 la implementaci\u00f3n del Programa \u00abBachet\u00f3n\u00bb para atender las vialidades de la zona metropolitana del estado de Puebla, lo cual significar\u00e1 una inversi\u00f3n de 50 millones de pesos.En rueda de prensa de este lunes 2 de junio, el titular de la dependencia estatal, Jos\u00e9 Manuel Contreras de los Santos, inform\u00f3 que [&hellip;]<\/p>\n","protected":false},"author":4,"featured_media":63166,"comment_status":"open","ping_status":"open","sticky":false,"template":"","format":"standard","meta":{"om_disable_all_campaigns":false,"_monsterinsights_skip_tracking":false,"_monsterinsights_sitenote_active":false,"_monsterinsights_sitenote_note":"","_monsterinsights_sitenote_category":0,"footnotes":""},"categories":[175],"tags":[239,223],"class_list":["post-63164","post","type-post","status-publish","format-standard","has-post-thumbnail","hentry","category-local","tag-gobierno","tag-puebla"],"amp_enabled":true,"_links":{"self":[{"href":"https:\/\/lahora.mx\/index.php\/wp-json\/wp\/v2\/posts\/63164","targetHints":{"allow":["GET"]}}],"collection":[{"href":"https:\/\/lahora.mx\/index.php\/wp-json\/wp\/v2\/posts"}],"about":[{"href":"https:\/\/lahora.mx\/index.php\/wp-json\/wp\/v2\/types\/post"}],"author":[{"embeddable":true,"href":"https:\/\/lahora.mx\/index.php\/wp-json\/wp\/v2\/users\/4"}],"replies":[{"embeddable":true,"href":"https:\/\/lahora.mx\/index.php\/wp-json\/wp\/v2\/comments?post=63164"}],"version-history":[{"count":1,"href":"https:\/\/lahora.mx\/index.php\/wp-json\/wp\/v2\/posts\/63164\/revisions"}],"predecessor-version":[{"id":63167,"href":"https:\/\/lahora.mx\/index.php\/wp-json\/wp\/v2\/posts\/63164\/revisions\/63167"}],"wp:featuredmedia":[{"embeddable":true,"href":"https:\/\/lahora.mx\/index.php\/wp-json\/wp\/v2\/media\/63166"}],"wp:attachment":[{"href":"https:\/\/lahora.mx\/index.php\/wp-json\/wp\/v2\/media?parent=63164"}],"wp:term":[{"taxonomy":"category","embeddable":true,"href":"https:\/\/lahora.mx\/index.php\/wp-json\/wp\/v2\/categories?post=63164"},{"taxonomy":"post_tag","embeddable":true,"href":"https:\/\/lahora.mx\/index.php\/wp-json\/wp\/v2\/tags?post=63164"}],"curies":[{"name":"wp","href":"https:\/\/api.w.org\/{rel}","templated":true}]}}