{"id":63161,"date":"2025-06-02T16:48:17","date_gmt":"2025-06-02T16:48:17","guid":{"rendered":"https:\/\/lahora.mx\/?p=63161"},"modified":"2025-06-02T16:48:18","modified_gmt":"2025-06-02T16:48:18","slug":"cerca-de-13-millones-acuden-a-las-urnas-fue-un-exito-sheinbaum","status":"publish","type":"post","link":"https:\/\/lahora.mx\/index.php\/2025\/06\/02\/cerca-de-13-millones-acuden-a-las-urnas-fue-un-exito-sheinbaum\/","title":{"rendered":"Cerca de 13 millones acuden a las urnas; fue un \u00e9xito: Sheinbaum"},"content":{"rendered":"\n<p>Apenas poco m\u00e1s de uno de cada diez ciudadanos vot\u00f3 en la primera elecci\u00f3n judicial de M\u00e9xico, en un ejercicio caracterizado por el uso de acordeones para emitir el sufragio.<\/p>\n\n\n\n<p>Ayer, la consejera presidenta del INE, Guadalupe Taddei, inform\u00f3 que la estimaci\u00f3n de participaci\u00f3n ciudadana en los comicios es de entre 12.57% y 13.32% de un universo de 99.7 millones de posibles votantes.<\/p>\n\n\n\n<p>Record\u00f3 que la labor del INE continuar\u00e1 hasta el 10 de junio, cuando se concluyan los conteos de votos en las juntas distritales.<\/p>\n\n\n\n<p>La baja participaci\u00f3n en las casillas fue la constante en el pa\u00eds; hubo gente de la tercera edad que, aun con apuntes propios o acorde\u00f3n, tard\u00f3 m\u00e1s de 25 minutos en votar.<\/p>\n\n\n\n<p>Para la presidenta Claudia Sheinbaum, la elecci\u00f3n de ayer fue un \u00e9xito, se realiz\u00f3 con transparencia y pidi\u00f3 confianza en la conformaci\u00f3n del nuevo Poder Judicial.<\/p>\n\n\n\n<p>En tanto, en la Ciudad de M\u00e9xico particip\u00f3 14.8% de quienes pod\u00edan ejercer su derecho al voto, siendo el poniente la zona en la que hubo una menor afluencia.<\/p>\n\n\n\n<p>-Con informaci\u00f3n de Arturo P\u00e1ramo, Ivonne Melgar y Georgina Olson<\/p>\n\n\n\n<p>DE 12.57% A 13.32%, LA PARTICIPACI\u00d3N ESTIMADA<br>En la primera elecci\u00f3n judicial de M\u00e9xico vot\u00f3, apenas, poco m\u00e1s de uno de cada diez ciudadanos.<\/p>\n\n\n\n<p>La estimaci\u00f3n de participaci\u00f3n ciudadana en los comicios es de entre 12.57% a 13.32%, lo que significa de 12.5 a 13.2 millones de votos, de un universo de 99.7 millones de posibles votantes.<br>La consejera presidenta del INE, Guadalupe Taddei Zavala, inform\u00f3 que este ejercicio estad\u00edstico lo realiz\u00f3 el Registro Federal de Electores, junto con dos especialistas en matem\u00e1ticas y estad\u00edstica.<\/p>\n\n\n\n<p>Antes, dijo que se celebr\u00f3 una etapa hist\u00f3rica en el pa\u00eds y que el INE \u201ccomo organizador y depositario de la confianza ciudadana ha hecho todo para garantizar una elecci\u00f3n transparente\u201d.<\/p>\n\n\n\n<p>Agreg\u00f3 que la labor del INE continuar\u00e1 hasta el 10 de junio y agradeci\u00f3 el trabajo de los empleados del instituto, los vecinos que laboraron como funcionarios de casilla y a toda la gente que participo. Calific\u00f3 el d\u00eda como \u201cejemplar\u201d.<\/p>\n\n\n\n<p>La baja participaci\u00f3n en las casillas fue la constante en todo el pa\u00eds; hubo gente de la tercera edad que, aun con apuntes propios o acorde\u00f3n, tard\u00f3 m\u00e1s de 25 minutos en emitir su voto.<\/p>\n\n\n\n<p>La propia Taddei tard\u00f3 15 minutos y, en charla con la prensa, dijo que hab\u00eda llevado sus propios apuntes para poder emitir su voto.<\/p>\n\n\n\n<p>Al cierre de casillas se inform\u00f3 que se registraron mil 770 incidentes, de los cuales, en 16 casillas no se pudo instalar la mesa de votaci\u00f3n, y en 50 se inici\u00f3 la votaci\u00f3n, pero durante el transcurso de la jornada tuvieron que cerrar por diversos motivos.<\/p>\n\n\n\n<p>Las 16 casillas no instaladas fueron en Chiapas, Sinaloa y Michoac\u00e1n.<\/p>\n\n\n\n<p>En el caso de Chiapas, en casillas donde se robaron boletas, las regresaron, pero ya marcadas, esto ocurri\u00f3 en ocho mesas de votaci\u00f3n, cinco en San Crist\u00f3bal y tres en Villaflores. En otra m\u00e1s no se pudo abrir por la inseguridad, debido a enfrentamientos de grupos armados en Comit\u00e1n.<\/p>\n\n\n\n<p>Ser\u00e1n m\u00e1ximo diez d\u00edas de c\u00f3mputos en los que las juntas distritales iniciar\u00e1n sus trabajos de 8:00 a 21:00 horas, pero si registran retraso en los c\u00f3mputos extender\u00e1n el horario hasta las 12 de la noche y, si no es suficiente, aumentar\u00e1n los puntos de c\u00f3mputo, con personal adicional.<\/p>\n\n\n\n<p>Los resultados para la Suprema Corte podr\u00edan darse a conocer entre hoy y ma\u00f1ana, para seguir con los integrantes del nuevo Tribunal de Disciplina Judicial; en tercer lugar, los resultados de la Sala Superior del TEPJF, despu\u00e9s, las Salas Regionales; luego, las magistraturas de circuito y, por \u00faltimo, los juzgadores de distrito.<\/p>\n\n\n\n<p>REPROCHAN LIGEREZA EN LA REFORMA JUDICIAL<\/p>\n\n\n\n<p>Consejeros electorales arremetieron contra los Poderes de la Uni\u00f3n al considerar que la reforma se implement\u00f3 con vicios.<\/p>\n\n\n\n<p>Durante la sesi\u00f3n de apertura de casillas, Arturo Castillo pidi\u00f3 \u201ctomar con m\u00e1s seriedad la implementaci\u00f3n de reformas al Estado mexicano\u201d.<\/p>\n\n\n\n<p>Consider\u00f3 que modificar la estructura constitucional de pesos y contrapesos del pa\u00eds no puede \u201ctomarse a la ligera\u201d. Se desoy\u00f3, dijo, la opini\u00f3n experta de quienes estaban a cargo de hacerlo, \u201cnegando los recursos y el tiempo necesarios o utilizando facultades legales a conveniencia para obstaculizar la ejecuci\u00f3n de normas constitucionales vigentes\u201d.<\/p>\n\n\n\n<p>Claudia Zavala opin\u00f3 que la reforma fue \u201cbastante imprecisa, con lagunas e inconsistencias\u201d. Se instrument\u00f3, admiti\u00f3, de manera apresurada.<\/p>\n\n\n\n<p>Reclam\u00f3 el \u201cactuar faccioso de distintos grupos de poder o de inter\u00e9s que pretenden usar la ley, al INE e incluso a la ciudadan\u00eda para inducir mayor\u00edas predeterminadas con el fin de imponer integraciones que les convengan.<\/p>\n\n\n\n<p>Para Mart\u00edn Faz, se realizaron modificaciones, algunas indeseables, a mecanismos que por a\u00f1os dieron certeza a las elecciones.<\/p>\n\n\n\n<p>No es sano para una democracia funcional poner contra las cuerdas a su sistema electoral con ejercicios imprevistos, sin reglas claras, sin diagn\u00f3sticos previos y sin condiciones materiales para su adecuada realizaci\u00f3n\u201d.<\/p>\n\n\n\n<p>Dese\u00f3 que este modelo no se utilice en 2027.<\/p>\n\n\n\n<p>\u201cFUE TRANSPARENTE Y TODO UN \u00c9XITO\u201d<br>Para la presidenta Claudia Sheinbaum, la elecci\u00f3n de este domingo, en la que particip\u00f3 entre 12.5 y 13.3% del padr\u00f3n electoral, fue un \u00e9xito, se realiz\u00f3 con transparencia y pidi\u00f3 confianza en la conformaci\u00f3n del nuevo Poder Judicial.<\/p>\n\n\n\n<p>A trav\u00e9s de un mensaje difundidos a trav\u00e9s de las redes sociales oficiales de la Presidencia, la titular del Ejecutivo federal agradeci\u00f3 a los cerca de 13 millones de ciudadanos que acudieron a votar.<\/p>\n\n\n\n<p>Ha sido todo un \u00e9xito, cerca de 13 millones de mexicanas y mexicanos salieron ejercer, por primera vez en la historia, su derecho a decidir quienes deben ser las y los nuevos ministros, magistrados y jueces. Hoy, libremente, millones de mexicanas y mexicanos votaron por los nuevos guardianes de la justicia\u201d, expuso Sheinbaum anoche, luego de que el Instituto Nacional Electoral dio a conocer el estimado de participaci\u00f3n de la jornada electoral.<br>Sheinbaum record\u00f3 que, de acuerdo con su visi\u00f3n, el Poder Judicial que a\u00fan est\u00e1 en funciones ha favorecido a miembros de la delincuencia organizada, ha \u201cliberado\u201d miles de millones de pesos de la delincuencia de cuello blanco y ha incurrido en nepotismo.<\/p>\n\n\n\n<p>Insisti\u00f3 en que la elecci\u00f3n judicial no tiene como fin que el Poder Judicial est\u00e9 dominado desde el Poder Ejecutivo, y presumi\u00f3 que los comicios se desarrollaron con transparencia.<\/p>\n\n\n\n<p>El d\u00eda de hoy fue un proceso transparente, los candidatos fueron seleccionados por comisiones profesionales del Poder Ejecutivo, Legislativo y Judicial, las campa\u00f1as fueron austeras y la votaci\u00f3n libre.<\/p>\n\n\n\n<p>S\u00ed, M\u00e9xico es el pa\u00eds m\u00e1s democr\u00e1tico del mundo; a todas y todos los mexicanos les digo: tengamos confianza, vivimos un momento extraordinario; somos un pa\u00eds libre soberano, independiente, cada d\u00eda m\u00e1s justo y m\u00e1s democr\u00e1tico\u201d, recalc\u00f3 Sheinbaum en el mensaje.<\/p>\n\n\n\n<p>VOTA Y LANZA VIVAS A LA DEMOCRACIA<br>La presidenta Claudia Sheinbaum emiti\u00f3 su voto para la elecci\u00f3n judicial en la casilla ubicada en el n\u00famero 4 de la Calle Moneda, a un costado de Palacio Nacional.<\/p>\n\n\n\n<p>La titular del Ejecutivo federal sali\u00f3 de Palacio Nacional, su actual lugar de residencia, por la puerta ubicada en Moneda 2, en compa\u00f1\u00eda de su esposo Jes\u00fas Mar\u00eda Tarriba, y camin\u00f3 hasta el Palacio del Arzobispado, donde se instal\u00f3 la casilla 4748 b\u00e1sica.<\/p>\n\n\n\n<p>Antes de ingresar a la casilla, la Presidenta se detuvo a saludar a vecinos que hab\u00edan sacudido a votar, se tom\u00f3 varias fotograf\u00edas y lanz\u00f3 un \u201c\u00a1Viva la democracia!\u201d.<\/p>\n\n\n\n<p>Al ingresar a la casilla, a las 9:26 horas, recibi\u00f3 las boletas y se sent\u00f3 en una silla colocada frente a la mampara para emitir sus votos.<\/p>\n\n\n\n<p>La titular del Ejecutivo deposit\u00f3 sus sufragios en la urna a la 9:40 horas y, tras ejercer su derecho a votar, se retir\u00f3 de la casilla, tambi\u00e9n a pie y de la mano de Tarriba.<\/p>\n\n\n\n<p>De nuevo grit\u00f3: \u201c\u00a1Viva la democracia!\u201d al salir del museo, mostr\u00f3 su dedo pulgar marcado con tinta indeleble y retorn\u00f3 a Palacio Nacional.<\/p>\n\n\n\n<p>En torno a \u00e9ste \u00faltimo se mantuvo un operativo de seguridad para evitar que manifestantes pertenecientes a la Coordinadora Nacional de Trabajadores de la Educaci\u00f3n (CNTE) irrumpieran en la calle Moneda.<\/p>\n\n\n\n<p>Adem\u00e1s, un grupo de soldadas vestidas de civil reforzaron el operativo de seguridad en Moneda y siguieron de cerca la caminata de la Presidenta.<\/p>\n","protected":false},"excerpt":{"rendered":"<p>Apenas poco m\u00e1s de uno de cada diez ciudadanos vot\u00f3 en la primera elecci\u00f3n judicial de M\u00e9xico, en un ejercicio caracterizado por el uso de acordeones para emitir el sufragio. Ayer, la consejera presidenta del INE, Guadalupe Taddei, inform\u00f3 que la estimaci\u00f3n de participaci\u00f3n ciudadana en los comicios es de entre 12.57% y 13.32% de [&hellip;]<\/p>\n","protected":false},"author":4,"featured_media":63162,"comment_status":"open","ping_status":"open","sticky":false,"template":"","format":"standard","meta":{"om_disable_all_campaigns":false,"_monsterinsights_skip_tracking":false,"_monsterinsights_sitenote_active":false,"_monsterinsights_sitenote_note":"","_monsterinsights_sitenote_category":0,"footnotes":""},"categories":[176],"tags":[223],"class_list":["post-63161","post","type-post","status-publish","format-standard","has-post-thumbnail","hentry","category-nacional","tag-puebla"],"amp_enabled":true,"_links":{"self":[{"href":"https:\/\/lahora.mx\/index.php\/wp-json\/wp\/v2\/posts\/63161","targetHints":{"allow":["GET"]}}],"collection":[{"href":"https:\/\/lahora.mx\/index.php\/wp-json\/wp\/v2\/posts"}],"about":[{"href":"https:\/\/lahora.mx\/index.php\/wp-json\/wp\/v2\/types\/post"}],"author":[{"embeddable":true,"href":"https:\/\/lahora.mx\/index.php\/wp-json\/wp\/v2\/users\/4"}],"replies":[{"embeddable":true,"href":"https:\/\/lahora.mx\/index.php\/wp-json\/wp\/v2\/comments?post=63161"}],"version-history":[{"count":1,"href":"https:\/\/lahora.mx\/index.php\/wp-json\/wp\/v2\/posts\/63161\/revisions"}],"predecessor-version":[{"id":63163,"href":"https:\/\/lahora.mx\/index.php\/wp-json\/wp\/v2\/posts\/63161\/revisions\/63163"}],"wp:featuredmedia":[{"embeddable":true,"href":"https:\/\/lahora.mx\/index.php\/wp-json\/wp\/v2\/media\/63162"}],"wp:attachment":[{"href":"https:\/\/lahora.mx\/index.php\/wp-json\/wp\/v2\/media?parent=63161"}],"wp:term":[{"taxonomy":"category","embeddable":true,"href":"https:\/\/lahora.mx\/index.php\/wp-json\/wp\/v2\/categories?post=63161"},{"taxonomy":"post_tag","embeddable":true,"href":"https:\/\/lahora.mx\/index.php\/wp-json\/wp\/v2\/tags?post=63161"}],"curies":[{"name":"wp","href":"https:\/\/api.w.org\/{rel}","templated":true}]}}