{"id":63158,"date":"2025-06-01T16:24:54","date_gmt":"2025-06-01T16:24:54","guid":{"rendered":"https:\/\/lahora.mx\/?p=63158"},"modified":"2025-06-02T16:46:47","modified_gmt":"2025-06-02T16:46:47","slug":"realiza-gobierno-de-la-ciudad-segunda-sesion-ordinaria-del-comite-municipal-de-lluvias","status":"publish","type":"post","link":"https:\/\/lahora.mx\/index.php\/2025\/06\/01\/realiza-gobierno-de-la-ciudad-segunda-sesion-ordinaria-del-comite-municipal-de-lluvias\/","title":{"rendered":"Realiza gobierno de la ciudad Segunda Sesi\u00f3n Ordinaria del Comit\u00e9 Municipal de Lluvias"},"content":{"rendered":"\n<p>Con el objetivo de fortalecer las estrategias de prevenci\u00f3n y atenci\u00f3n ante fen\u00f3menos hidrometeorol\u00f3gicos el Gobierno de la Ciudad, a trav\u00e9s de la Secretar\u00eda de Gesti\u00f3n y Desarrollo Urbano, llev\u00f3 a cabo la Segunda Sesi\u00f3n Ordinaria del Comit\u00e9 Municipal de Lluvias \u201cTL\u00c1LOC\u201d.<\/p>\n\n\n\n<p>Durante la sesi\u00f3n se realiz\u00f3 la toma de protesta de Jes\u00fas Alejandro S\u00e1nchez Reliac, coordinador General del Instituto Municipal de Planeaci\u00f3n; y, a C\u00e9sar Orlando Flores S\u00e1nchez, director de Protecci\u00f3n Civil Municipal de la Secretar\u00eda de Seguridad Ciudadana, quienes se integran al Comit\u00e9.<br>Tambi\u00e9n se aprobaron los Lineamientos para la Integraci\u00f3n, Operaci\u00f3n y Mecanismos de funcionamiento interno, el Programa Especial de Gesti\u00f3n de Riesgos por Fen\u00f3menos Hidrometeorol\u00f3gicos 2024\u20132027 y el Calendario de Sesiones para el presente periodo.<\/p>\n\n\n\n<p>Como parte del seguimiento operativo, la Secretar\u00eda de Gesti\u00f3n y Desarrollo Urbano, present\u00f3 un informe sobre los recorridos de monitoreo en los vasos reguladores Puente Negro y Santuario, as\u00ed como en zonas colindantes a los r\u00edos Alseseca y Atoyac.<\/p>\n\n\n\n<p>Las colonias supervisadas junto al r\u00edo Alseseca incluyen: La Providencia, La Gloria, Esfuerzo Nacional, La Hacienda (1ra, 2da y 3ra secci\u00f3n), Tres Cruces y Lomas de San Miguel. En tanto, las cercanas al r\u00edo Atoyac son: L\u00e1zaro C\u00e1rdenas, Miguel Abed, Santa Cruz Buena Vista Norte y Sur, Ampliaci\u00f3n Reforma, Puente de M\u00e9xico y Bosques de Atoyac.<\/p>\n\n\n\n<p>A partir de estos recorridos, se elabor\u00f3 un listado de 45 puntos estrat\u00e9gicos para intervenci\u00f3n en cuencas, basado en datos t\u00e9cnicos, registros hist\u00f3ricos, estado actual de la infraestructura y an\u00e1lisis topogr\u00e1fico.<\/p>\n\n\n\n<p>El pasado 15 de mayo se realiz\u00f3 el mantenimiento preventivo de cuatro postes de multialertamiento, ubicados en Puente Negro, Santuario, Patriotismo y San Miguel Canoa, con el fin de asegurar su \u00f3ptimo funcionamiento para la temporada de lluvias.<\/p>\n\n\n\n<p>Adem\u00e1s, en coordinaci\u00f3n con el Organismo Operador del Servicio de Limpia, se inspeccionaron las condiciones para que el personal que realiza labores de limpieza en el Vaso Regulador Puente Negro, sean seguras al momento de que se realice las intervenciones por parte de los trabajadores de limpia para el retiro de basura, ramas, pl\u00e1sticos y desechos diversos, a fin de prevenir taponamientos.<br>Como parte de las acciones encaminadas a fortalecer el Comit\u00e9 en beneficio de la ciudadan\u00eda, participaron activamente la Secretar\u00eda de Movilidad e Infraestructura, el Organismo Operador del Servicio de Limpia, la Secretar\u00eda de Servicios P\u00fablicos, as\u00ed como la regidora Mariela Sol\u00eds Rondero, presidenta de la Comisi\u00f3n de Protecci\u00f3n Civil del Cabildo de Puebla.<\/p>\n\n\n\n<p>La sesi\u00f3n cont\u00f3 con la presencia de autoridades municipales y representantes de distintas dependencias, quienes reiteraron su compromiso de seguir trabajando de forma coordinada por la seguridad de las y los poblanos.<\/p>\n","protected":false},"excerpt":{"rendered":"<p>Con el objetivo de fortalecer las estrategias de prevenci\u00f3n y atenci\u00f3n ante fen\u00f3menos hidrometeorol\u00f3gicos el Gobierno de la Ciudad, a trav\u00e9s de la Secretar\u00eda de Gesti\u00f3n y Desarrollo Urbano, llev\u00f3 a cabo la Segunda Sesi\u00f3n Ordinaria del Comit\u00e9 Municipal de Lluvias \u201cTL\u00c1LOC\u201d. Durante la sesi\u00f3n se realiz\u00f3 la toma de protesta de Jes\u00fas Alejandro S\u00e1nchez [&hellip;]<\/p>\n","protected":false},"author":4,"featured_media":63159,"comment_status":"open","ping_status":"open","sticky":false,"template":"","format":"standard","meta":{"om_disable_all_campaigns":false,"_monsterinsights_skip_tracking":false,"_monsterinsights_sitenote_active":false,"_monsterinsights_sitenote_note":"","_monsterinsights_sitenote_category":0,"footnotes":""},"categories":[175],"tags":[239,223],"class_list":["post-63158","post","type-post","status-publish","format-standard","has-post-thumbnail","hentry","category-local","tag-gobierno","tag-puebla"],"amp_enabled":true,"_links":{"self":[{"href":"https:\/\/lahora.mx\/index.php\/wp-json\/wp\/v2\/posts\/63158","targetHints":{"allow":["GET"]}}],"collection":[{"href":"https:\/\/lahora.mx\/index.php\/wp-json\/wp\/v2\/posts"}],"about":[{"href":"https:\/\/lahora.mx\/index.php\/wp-json\/wp\/v2\/types\/post"}],"author":[{"embeddable":true,"href":"https:\/\/lahora.mx\/index.php\/wp-json\/wp\/v2\/users\/4"}],"replies":[{"embeddable":true,"href":"https:\/\/lahora.mx\/index.php\/wp-json\/wp\/v2\/comments?post=63158"}],"version-history":[{"count":1,"href":"https:\/\/lahora.mx\/index.php\/wp-json\/wp\/v2\/posts\/63158\/revisions"}],"predecessor-version":[{"id":63160,"href":"https:\/\/lahora.mx\/index.php\/wp-json\/wp\/v2\/posts\/63158\/revisions\/63160"}],"wp:featuredmedia":[{"embeddable":true,"href":"https:\/\/lahora.mx\/index.php\/wp-json\/wp\/v2\/media\/63159"}],"wp:attachment":[{"href":"https:\/\/lahora.mx\/index.php\/wp-json\/wp\/v2\/media?parent=63158"}],"wp:term":[{"taxonomy":"category","embeddable":true,"href":"https:\/\/lahora.mx\/index.php\/wp-json\/wp\/v2\/categories?post=63158"},{"taxonomy":"post_tag","embeddable":true,"href":"https:\/\/lahora.mx\/index.php\/wp-json\/wp\/v2\/tags?post=63158"}],"curies":[{"name":"wp","href":"https:\/\/api.w.org\/{rel}","templated":true}]}}