{"id":63155,"date":"2025-06-02T16:19:36","date_gmt":"2025-06-02T16:19:36","guid":{"rendered":"https:\/\/lahora.mx\/?p=63155"},"modified":"2025-06-02T16:19:37","modified_gmt":"2025-06-02T16:19:37","slug":"estos-son-los-resultados-preliminares-ministros-corte","status":"publish","type":"post","link":"https:\/\/lahora.mx\/index.php\/2025\/06\/02\/estos-son-los-resultados-preliminares-ministros-corte\/","title":{"rendered":"Estos son los resultados preliminares ministros Corte"},"content":{"rendered":"\n<p>El INE lleva computadas el 43% de las casillas hasta el corte de las 7:44 de la ma\u00f1ana, con lo que se reporta una participaci\u00f3n ciudadana de 11% y seg\u00fan las tendencias -con este n\u00famero de casillas- en primer lugar para ocupar un puesto en la Suprema Corte de Justicia de la Naci\u00f3n (SCJN) estar\u00eda Hugo Aguilar Ortiz con 2.1 millones de votos, ind\u00edgena mixteco de Oaxaca con trabajo a favor de las etnias originarias.<\/p>\n\n\n\n<p>En segundo lugar por una silla en la Corte se encuentra Lenia Batres Guadarrama, actual ministra, con 2 millones de votos; en tercer lugar se ubica Yasm\u00edn Esquivel, tambi\u00e9n ministra en funciones con 1.7millones y Loreta Ortiz otra ministra actual con 1.7 millones.<br>Adem\u00e1s de Mar\u00eda Estela R\u00edos, excolaboradora del anterior presidente con 1.6millones en quinto lugar, mientras que en sexto lugar se encuentra Isaac de Paz con 1.1millon de votos.<\/p>\n\n\n\n<p>En s\u00e9ptimo y octavo lugar se ubican Azael Figueroa e Irving Espinosa con 1.1 millones cada uno, y en noveno lugar est\u00e1 Aristides Rodrigo Guerrero con 1 mill\u00f3n de votos, seguido de Irene Herrer\u00edaa tambien con 1 mill\u00f3n de votos.<\/p>\n\n\n\n<p>Hay que recordar que para los puestos disponibles en la Corte tienen que ser 5 mujeres y 4 hombres, por lo que el INE podr\u00eda aplicar criterios de paridad para dejar el lugar a Irene Herrer\u00edas en lugar de Aristides Rodrigo Guerrero.<\/p>\n","protected":false},"excerpt":{"rendered":"<p>El INE lleva computadas el 43% de las casillas hasta el corte de las 7:44 de la ma\u00f1ana, con lo que se reporta una participaci\u00f3n ciudadana de 11% y seg\u00fan las tendencias -con este n\u00famero de casillas- en primer lugar para ocupar un puesto en la Suprema Corte de Justicia de la Naci\u00f3n (SCJN) estar\u00eda [&hellip;]<\/p>\n","protected":false},"author":4,"featured_media":63156,"comment_status":"open","ping_status":"open","sticky":false,"template":"","format":"standard","meta":{"om_disable_all_campaigns":false,"_monsterinsights_skip_tracking":false,"_monsterinsights_sitenote_active":false,"_monsterinsights_sitenote_note":"","_monsterinsights_sitenote_category":0,"footnotes":""},"categories":[176],"tags":[195,223],"class_list":["post-63155","post","type-post","status-publish","format-standard","has-post-thumbnail","hentry","category-nacional","tag-principal","tag-puebla"],"amp_enabled":true,"_links":{"self":[{"href":"https:\/\/lahora.mx\/index.php\/wp-json\/wp\/v2\/posts\/63155","targetHints":{"allow":["GET"]}}],"collection":[{"href":"https:\/\/lahora.mx\/index.php\/wp-json\/wp\/v2\/posts"}],"about":[{"href":"https:\/\/lahora.mx\/index.php\/wp-json\/wp\/v2\/types\/post"}],"author":[{"embeddable":true,"href":"https:\/\/lahora.mx\/index.php\/wp-json\/wp\/v2\/users\/4"}],"replies":[{"embeddable":true,"href":"https:\/\/lahora.mx\/index.php\/wp-json\/wp\/v2\/comments?post=63155"}],"version-history":[{"count":1,"href":"https:\/\/lahora.mx\/index.php\/wp-json\/wp\/v2\/posts\/63155\/revisions"}],"predecessor-version":[{"id":63157,"href":"https:\/\/lahora.mx\/index.php\/wp-json\/wp\/v2\/posts\/63155\/revisions\/63157"}],"wp:featuredmedia":[{"embeddable":true,"href":"https:\/\/lahora.mx\/index.php\/wp-json\/wp\/v2\/media\/63156"}],"wp:attachment":[{"href":"https:\/\/lahora.mx\/index.php\/wp-json\/wp\/v2\/media?parent=63155"}],"wp:term":[{"taxonomy":"category","embeddable":true,"href":"https:\/\/lahora.mx\/index.php\/wp-json\/wp\/v2\/categories?post=63155"},{"taxonomy":"post_tag","embeddable":true,"href":"https:\/\/lahora.mx\/index.php\/wp-json\/wp\/v2\/tags?post=63155"}],"curies":[{"name":"wp","href":"https:\/\/api.w.org\/{rel}","templated":true}]}}