{"id":63152,"date":"2025-06-02T15:52:22","date_gmt":"2025-06-02T15:52:22","guid":{"rendered":"https:\/\/lahora.mx\/?p=63152"},"modified":"2025-06-02T15:52:23","modified_gmt":"2025-06-02T15:52:23","slug":"ataque-armado-deja-un-joven-herido-de-gravedad-afuera-de-su-casa-en-xochimehuacan","status":"publish","type":"post","link":"https:\/\/lahora.mx\/index.php\/2025\/06\/02\/ataque-armado-deja-un-joven-herido-de-gravedad-afuera-de-su-casa-en-xochimehuacan\/","title":{"rendered":"Ataque armado deja un joven herido de gravedad afuera de su casa en Xochimehuacan"},"content":{"rendered":"\n<p>Una fuerte movilizaci\u00f3n policiaca se registr\u00f3 esta ma\u00f1ana en San Pablo Xochimehuacan, luego de que un joven fuera atacado a disparos afuera de su casa.<\/p>\n\n\n\n<p>Pasadas las 06:30 horas de este lunes, elementos de la Polic\u00eda Municipal y Estatal recibieron el reporte de una persona herida por proyectil de arma de fuego, sobre la Privada del Triunfo esquina con Cuitl\u00e1huac, en la mencionada junta auxiliar.<\/p>\n\n\n\n<p>Por ello, de inmediato se trasladaron al sitio, pero al realizar un recorrido, los oficiales no encontraron a ninguna persona. Procedieron a entrevistarse con vecinos, quienes confirmaron que un joven, de nombre Jes\u00fas Israel, de 24 a\u00f1os, fue atacado a disparos por motivos que a\u00fan se desconocen.<\/p>\n\n\n\n<p>Sin embargo, su hermano Pedro, al encontrar al joven tendido afuera de su casa, lo subi\u00f3 r\u00e1pidamente a un taxi y lo traslad\u00f3 de Xochimehuacan al Hospital de Traumatolog\u00eda y Ortopedia, donde se reporta delicado de salud tras recibir un disparo en el pecho.<\/p>\n\n\n\n<p>Las autoridades ya investigan el m\u00f3vil del ataque, pues no se han dado m\u00e1s datos acerca de lo sucedido. Se espera que en pr\u00f3ximas horas la informaci\u00f3n sea ampliada.<\/p>\n","protected":false},"excerpt":{"rendered":"<p>Una fuerte movilizaci\u00f3n policiaca se registr\u00f3 esta ma\u00f1ana en San Pablo Xochimehuacan, luego de que un joven fuera atacado a disparos afuera de su casa. Pasadas las 06:30 horas de este lunes, elementos de la Polic\u00eda Municipal y Estatal recibieron el reporte de una persona herida por proyectil de arma de fuego, sobre la Privada [&hellip;]<\/p>\n","protected":false},"author":4,"featured_media":63153,"comment_status":"open","ping_status":"open","sticky":false,"template":"","format":"standard","meta":{"om_disable_all_campaigns":false,"_monsterinsights_skip_tracking":false,"_monsterinsights_sitenote_active":false,"_monsterinsights_sitenote_note":"","_monsterinsights_sitenote_category":0,"footnotes":""},"categories":[175,226],"tags":[223],"class_list":["post-63152","post","type-post","status-publish","format-standard","has-post-thumbnail","hentry","category-local","category-policia","tag-puebla"],"amp_enabled":true,"_links":{"self":[{"href":"https:\/\/lahora.mx\/index.php\/wp-json\/wp\/v2\/posts\/63152","targetHints":{"allow":["GET"]}}],"collection":[{"href":"https:\/\/lahora.mx\/index.php\/wp-json\/wp\/v2\/posts"}],"about":[{"href":"https:\/\/lahora.mx\/index.php\/wp-json\/wp\/v2\/types\/post"}],"author":[{"embeddable":true,"href":"https:\/\/lahora.mx\/index.php\/wp-json\/wp\/v2\/users\/4"}],"replies":[{"embeddable":true,"href":"https:\/\/lahora.mx\/index.php\/wp-json\/wp\/v2\/comments?post=63152"}],"version-history":[{"count":1,"href":"https:\/\/lahora.mx\/index.php\/wp-json\/wp\/v2\/posts\/63152\/revisions"}],"predecessor-version":[{"id":63154,"href":"https:\/\/lahora.mx\/index.php\/wp-json\/wp\/v2\/posts\/63152\/revisions\/63154"}],"wp:featuredmedia":[{"embeddable":true,"href":"https:\/\/lahora.mx\/index.php\/wp-json\/wp\/v2\/media\/63153"}],"wp:attachment":[{"href":"https:\/\/lahora.mx\/index.php\/wp-json\/wp\/v2\/media?parent=63152"}],"wp:term":[{"taxonomy":"category","embeddable":true,"href":"https:\/\/lahora.mx\/index.php\/wp-json\/wp\/v2\/categories?post=63152"},{"taxonomy":"post_tag","embeddable":true,"href":"https:\/\/lahora.mx\/index.php\/wp-json\/wp\/v2\/tags?post=63152"}],"curies":[{"name":"wp","href":"https:\/\/api.w.org\/{rel}","templated":true}]}}